{"id":7758,"date":"2023-04-03T13:40:35","date_gmt":"2023-04-03T13:40:35","guid":{"rendered":"https:\/\/themexicopost.com\/?p=7758"},"modified":"2023-04-03T13:40:37","modified_gmt":"2023-04-03T13:40:37","slug":"se-recupera-el-papa-francisco-y-estara-presente-en-dias-santos","status":"publish","type":"post","link":"https:\/\/themexicopost.com\/?p=7758","title":{"rendered":"SE RECUPERA EL PAPA FRANCISCO Y ESTAR\u00c1 PRESENTE EN D\u00cdAS SANTOS"},"content":{"rendered":"\n<figure class=\"wp-block-pullquote\"><blockquote><p>El l\u00edder cat\u00f3lico baj\u00f3 del coche y camin\u00f3 unos metros hasta el lugar dispuesto para la ceremonia, ayudado de un bast\u00f3n.<\/p><\/blockquote><\/figure>\n\n\n\n<p class=\"has-drop-cap wp-block-paragraph\">El papa Francisco presidi\u00f3 este domingo la solemne misa de Ramos en la plaza de San Pedro, pocas horas despu\u00e9s de salir del hospital romano donde estuvo internado tres d\u00edas por una bronquitis.<br><\/p>\n\n\n\n<p class=\"wp-block-paragraph\">Como en otras ocasiones y debido a que se desplaza en silla de ruedas por sus dolores de rodilla, Francisco encabeza la ceremonia sentado en el centro del altar. Leonardo Sandri, vicedecano del colegio cardenalicio, que est\u00e1 por cumplir 80 a\u00f1os, es el reemplazo de Francisco para la eucar\u00edstica de este domingo.<br><\/p>\n\n\n\n<p class=\"wp-block-paragraph\">El Papa, con un abrigo blanco, baj\u00f3 del coche por su propio pie y camin\u00f3 unos pocos metros hasta el lugar dispuesto para la bendici\u00f3n, ayudado del bast\u00f3n que usa frecuentemente debido a sus problema de rodilla.<br><\/p>\n\n\n\n<p class=\"wp-block-paragraph\">Con rostro serio y vestido con un abrigo blanco, salud\u00f3 con la mano a los fieles congregados en la inmensa explanada para la misa que marca el inicio de la Semana Santa y al que se tem\u00eda que no pudiera asistir por razones de salud.<br><\/p>\n\n\n\n<p class=\"wp-block-paragraph\">De pie en el obelisco central de la plaza el papa bendijo primero miles de ramos de olivo y palma, un rito para las creyentes para recordar la entrada de Jesucristo a Jerusal\u00e9n.<br><\/p>\n\n\n\n<p class=\"wp-block-paragraph\">Se trata de su primera reaparici\u00f3n p\u00fablica desde que el pasado mi\u00e9rcoles fuera ingresado en el hospital Agostino Gemelli de Roma a causa de una bronquitis, despu\u00e9s de presidir en la plaza vaticana la audiencia general, y fue dado de alta tres d\u00edas despu\u00e9s, el s\u00e1bado.<br><\/p>\n\n\n\n<p class=\"wp-block-paragraph\">Francisco, de 86 a\u00f1os, ha querido en todo momento presidir los ritos de la Semana Santa, que se abren oficialmente hoy con el Domingo de Ramos, que conmemora la entrada triunfal de Jes\u00fas en Jerusal\u00e9n.<br><\/p>\n\n\n\n<p class=\"wp-block-paragraph\">No obstante, el papa argentino no ofici\u00f3 la eucarist\u00eda, sino que la presidi\u00f3. En el altar est\u00e1 su compatriota, el cardenal Leonardo Sandri. El papa Bergoglio sin embargo s\u00ed pronuncia una homil\u00eda.<br><\/p>\n\n\n\n<p class=\"wp-block-paragraph\">\u201cGracias por su participaci\u00f3n y tambi\u00e9n por sus oraciones, que han intensificado en los \u00faltimos d\u00edas. Muchas gracias\u201d, dijo durante el Angelus.<br><\/p>\n\n\n\n<figure class=\"wp-block-image size-large\"><img fetchpriority=\"high\" decoding=\"async\" width=\"1024\" height=\"683\" src=\"https:\/\/themexicopost.com\/wp-content\/uploads\/2023\/04\/SE-RECUPERA-2-1024x683.jpg\" alt=\"\" class=\"wp-image-7760\" srcset=\"https:\/\/themexicopost.com\/wp-content\/uploads\/2023\/04\/SE-RECUPERA-2-1024x683.jpg 1024w, https:\/\/themexicopost.com\/wp-content\/uploads\/2023\/04\/SE-RECUPERA-2-300x200.jpg 300w, https:\/\/themexicopost.com\/wp-content\/uploads\/2023\/04\/SE-RECUPERA-2-768x512.jpg 768w, https:\/\/themexicopost.com\/wp-content\/uploads\/2023\/04\/SE-RECUPERA-2-330x220.jpg 330w, https:\/\/themexicopost.com\/wp-content\/uploads\/2023\/04\/SE-RECUPERA-2-420x280.jpg 420w, https:\/\/themexicopost.com\/wp-content\/uploads\/2023\/04\/SE-RECUPERA-2-615x410.jpg 615w, https:\/\/themexicopost.com\/wp-content\/uploads\/2023\/04\/SE-RECUPERA-2-860x573.jpg 860w, https:\/\/themexicopost.com\/wp-content\/uploads\/2023\/04\/SE-RECUPERA-2.jpg 1200w\" sizes=\"(max-width: 1024px) 100vw, 1024px\" \/><\/figure>\n\n\n\n<p class=\"wp-block-paragraph\">Tras la misa, Francisco recorri\u00f3 saludando a los fieles desde el papam\u00f3vil.<br><\/p>\n\n\n\n<p class=\"wp-block-paragraph\">Durante la homil\u00eda, denuncia el abandono de muchos cristianos.<br><\/p>\n\n\n\n<p class=\"wp-block-paragraph\">\u201cHay tantos cristianos abandonados invisibles, escondidos, que son descartados con guante blanco: ni\u00f1os no nacidos, ancianos que han sido dejados solos, enfermos no visitados, discapacitados ignorados, j\u00f3venes que sienten un gran vac\u00edo interior sin que nadie escuche realmente su grito de dolor\u201d, exclam\u00f3.<br><\/p>\n\n\n\n<p class=\"wp-block-paragraph\">As\u00ed, recalc\u00f3 que hay pueblos enteros explotados y abandonados a su suerte. \u201cHay pobres que viven en los cruces de nuestras calles, con quienes no nos atrevemos a cruzar la mirada; emigrantes que ya no son rostros sino n\u00fameros; presos rechazados, personas catalogadas como problemas\u201d, ha agregado.<br><\/p>\n\n\n\n<p class=\"wp-block-paragraph\">La salud del pont\u00edfice argentino, de 86 a\u00f1os, gener\u00f3 preocupaciones despu\u00e9s de su hospitalizaci\u00f3n por dificultades respiratorias.<br><\/p>\n\n\n\n<p class=\"wp-block-paragraph\">Pero incluso cuando se lo consideraba ya fuera de peligro, plane\u00f3 la duda sobre su fecha de salida y su eventual asistencia a los ritos de la Semana Santa, que se inician con la misa de Ramos.<br><\/p>\n\n\n\n<p class=\"wp-block-paragraph\">La celebraci\u00f3n arranc\u00f3 como siempre con la procesi\u00f3n por la plaza de San Pedro y en torno al obelisco central de cientos de personas, fieles, religiosos y religiosas y miembros de la Curia Romana, portando los ramos.<br><\/p>\n\n\n\n<p class=\"wp-block-paragraph\">Las celebraciones se prolongar\u00e1n hasta la misa Pascual del domingo 9 de abril.<br><\/p>\n\n\n\n<p class=\"wp-block-paragraph\">El papa argentino est\u00e1 empe\u00f1ado en cumplir su agenda de trabajo y ha querido demostrar al mundo que se ha recuperado.<br><\/p>\n\n\n\n<p class=\"wp-block-paragraph\">Al pregunt\u00e1rsele c\u00f3mo se sent\u00eda, cont\u00f3 una an\u00e9cdota sobre la muerte y agreg\u00f3: \u201cS\u00f3lo sent\u00ed molestias, pero no tuve miedo\u201d.<\/p>\n","protected":false},"excerpt":{"rendered":"<p>El l\u00edder cat\u00f3lico baj\u00f3 del coche y camin\u00f3 unos metros hasta el lugar dispuesto para la ceremonia, ayudado de un bast\u00f3n. El papa Francisco presidi\u00f3 este domingo la solemne misa de Ramos en la plaza de San Pedro, pocas horas despu\u00e9s de salir del hospital romano donde estuvo internado tres d\u00edas por una bronquitis. Como [&hellip;]<\/p>\n","protected":false},"author":1,"featured_media":7759,"comment_status":"closed","ping_status":"closed","sticky":false,"template":"","format":"standard","meta":{"footnotes":""},"categories":[83,85],"tags":[],"class_list":["post-7758","post","type-post","status-publish","format-standard","has-post-thumbnail","hentry","category-destacado","category-portada"],"_links":{"self":[{"href":"https:\/\/themexicopost.com\/index.php?rest_route=\/wp\/v2\/posts\/7758","targetHints":{"allow":["GET"]}}],"collection":[{"href":"https:\/\/themexicopost.com\/index.php?rest_route=\/wp\/v2\/posts"}],"about":[{"href":"https:\/\/themexicopost.com\/index.php?rest_route=\/wp\/v2\/types\/post"}],"author":[{"embeddable":true,"href":"https:\/\/themexicopost.com\/index.php?rest_route=\/wp\/v2\/users\/1"}],"replies":[{"embeddable":true,"href":"https:\/\/themexicopost.com\/index.php?rest_route=%2Fwp%2Fv2%2Fcomments&post=7758"}],"version-history":[{"count":1,"href":"https:\/\/themexicopost.com\/index.php?rest_route=\/wp\/v2\/posts\/7758\/revisions"}],"predecessor-version":[{"id":7761,"href":"https:\/\/themexicopost.com\/index.php?rest_route=\/wp\/v2\/posts\/7758\/revisions\/7761"}],"wp:featuredmedia":[{"embeddable":true,"href":"https:\/\/themexicopost.com\/index.php?rest_route=\/wp\/v2\/media\/7759"}],"wp:attachment":[{"href":"https:\/\/themexicopost.com\/index.php?rest_route=%2Fwp%2Fv2%2Fmedia&parent=7758"}],"wp:term":[{"taxonomy":"category","embeddable":true,"href":"https:\/\/themexicopost.com\/index.php?rest_route=%2Fwp%2Fv2%2Fcategories&post=7758"},{"taxonomy":"post_tag","embeddable":true,"href":"https:\/\/themexicopost.com\/index.php?rest_route=%2Fwp%2Fv2%2Ftags&post=7758"}],"curies":[{"name":"wp","href":"https:\/\/api.w.org\/{rel}","templated":true}]}}