{"id":7770,"date":"2023-04-03T15:06:19","date_gmt":"2023-04-03T15:06:19","guid":{"rendered":"https:\/\/themexicopost.com\/?p=7770"},"modified":"2023-04-03T15:06:21","modified_gmt":"2023-04-03T15:06:21","slug":"fallece-bloguero-militar-ruso-en-san-petersburgo-tras-explosion-de-presunta-bomba","status":"publish","type":"post","link":"https:\/\/themexicopost.com\/?p=7770","title":{"rendered":"Fallece bloguero militar ruso en San Petersburgo tras explosi\u00f3n de presunta bomba"},"content":{"rendered":"\n<figure class=\"wp-block-pullquote\"><blockquote><p>Otras 15 personas resultaron heridas en un local que antes perteneci\u00f3 a Yevgeny Prigozhin, fundador del Grupo Wagner<\/p><\/blockquote><\/figure>\n\n\n\n<p class=\"has-drop-cap wp-block-paragraph\">Una presunta bomba estall\u00f3 el domingo en una cafeter\u00eda de San Petersburgo, causando la muerte de un conocido bloguero militar y dej\u00f3 heridas a otras 15 personas, seg\u00fan informaron los servicios de emergencia a las agencias de noticias rusas.<br><\/p>\n\n\n\n<p class=\"wp-block-paragraph\">\u201cSe ha establecido que 15 personas resultaron heridas. Una persona muri\u00f3\u201d, dijo un portavoz de los servicios de emergencia locales a la agencia de noticias TASS, en la segunda ciudad de Rusia. Adem\u00e1s, confirmaron que entre los fallecidos est\u00e1 el propagandista Vladlen Tatarsky.<br><\/p>\n\n\n\n<p class=\"wp-block-paragraph\">Una fuente de los servicios de seguridad citada por la agencia TASS dijo que la explosi\u00f3n fue provocada por \u201cuna bomba improvisada dentro de una estatua que fue entregada a Tatarksky como regalo\u201d.<br><\/p>\n\n\n\n<p class=\"wp-block-paragraph\">Tambi\u00e9n indic\u00f3 la explosi\u00f3n, ocurrida en \u201cStreet Food Bar No. 1\u2033, en el centro de la ciudad, era equivalente a la deflagraci\u00f3n de 200 gramos de dinamita.<br><\/p>\n\n\n\n<p class=\"wp-block-paragraph\">Medios rusos publicaron dos versiones: una que dice que fue una mujer la llev\u00f3 la bomba hasta el lugar donde se encontraba Tatarsky, y otra que habr\u00eda sido una ni\u00f1a.<br><\/p>\n\n\n\n<p class=\"wp-block-paragraph\">El bloguero, cuyo verdadero nombre era Maxim Fomin, ten\u00eda m\u00e1s de 560.000 seguidores en Telegram y era uno de los m\u00e1s destacados de los influyentes blogueros militares que han proporcionado un comentario a menudo cr\u00edtico sobre la guerra de Rusia en Ucrania.<br><\/p>\n\n\n\n<p class=\"wp-block-paragraph\">Fue uno de los cientos de asistentes a la fastuosa ceremonia celebrada en el Kremlin el pasado mes de septiembre para proclamar la anexi\u00f3n rusa de cuatro regiones parcialmente ocupadas de Ucrania, una medida que la mayor\u00eda de los pa\u00edses condenaron en la ONU por considerarla ilegal.<br><\/p>\n\n\n\n<p class=\"wp-block-paragraph\">Seg\u00fan una p\u00e1gina web de San Petersburgo, la explosi\u00f3n tuvo lugar en una cafeter\u00eda que en su d\u00eda perteneci\u00f3 a Yevgeny Prigozhin, fundador del Grupo Wagner, que lucha por Rusia en Ucrania con mercenarios.<br><\/p>\n\n\n\n<p class=\"wp-block-paragraph\">Por el momento no se indic\u00f3 oficialmente qui\u00e9n fue el responsable de la explosi\u00f3n.<br><\/p>\n\n\n\n<p class=\"wp-block-paragraph\">Si Tatarsky fue atacado deliberadamente, ser\u00eda el segundo asesinato en suelo ruso de una figura relacionada con la guerra en Ucrania.<br><\/p>\n\n\n\n<p class=\"wp-block-paragraph\">Un grupo llamado Cyber Front Z, que se refiere a s\u00ed mismo como \u201cTropas de Informaci\u00f3n de Rusia\u201d, dijo que hab\u00edan alquilado el caf\u00e9 para la velada.<br><\/p>\n\n\n\n<p class=\"wp-block-paragraph\">\u201cHubo un ataque terrorista. Tomamos ciertas medidas de seguridad pero desafortunadamente no fue suficiente\u201d, dijo el grupo en Telegram. \u201cCondolencias a todos los que conoc\u00edan al excelente corresponsal de guerra y nuestro amigo Vladlen Tatarsky\u201d, agreg\u00f3.<br><\/p>\n\n\n\n<p class=\"wp-block-paragraph\">El Cyber Front Z est\u00e1 asociado con Prigozhin y que, seg\u00fan el Instituto para el Estudio Estrat\u00e9gico (ISD, en ingl\u00e9s), es una f\u00e1brica de troles que est\u00e1 siendo utilizada para promover la propaganda rusa en redes sociales.<br><\/p>\n\n\n\n<p class=\"wp-block-paragraph\">Tatarsky, de 40 a\u00f1os, es originario de la regi\u00f3n de Donetsk, en el este de Ucrania, que Rusia anex\u00f3 y donde se encuentran actualmente la mayor parte de sus tropas.<br><\/p>\n\n\n\n<p class=\"wp-block-paragraph\">El atentado contra el bloguero militar prorruso recuerda al que mat\u00f3 en agosto a Daria D\u00faguina, hija del l\u00edder del Movimiento Neoeuroasianista, Alexandr Duguin, considerado pr\u00f3ximo al Kremlin.<br><\/p>\n\n\n\n<p class=\"wp-block-paragraph\">La periodista rusa muri\u00f3 al estallar una bomba en los bajos de su veh\u00edculo cuando circulaba por una carretera en las afueras de Mosc\u00fa.Las autoridades rusas acusaron a los servicios secretos ucranianos de estar detr\u00e1s del atentado, extremo que neg\u00f3 rotundamente el Gobierno de Kiev.<\/p>\n","protected":false},"excerpt":{"rendered":"<p>Otras 15 personas resultaron heridas en un local que antes perteneci\u00f3 a Yevgeny Prigozhin, fundador del Grupo Wagner Una presunta bomba estall\u00f3 el domingo en una cafeter\u00eda de San Petersburgo, causando la muerte de un conocido bloguero militar y dej\u00f3 heridas a otras 15 personas, seg\u00fan informaron los servicios de emergencia a las agencias de [&hellip;]<\/p>\n","protected":false},"author":1,"featured_media":7771,"comment_status":"closed","ping_status":"closed","sticky":false,"template":"","format":"standard","meta":{"footnotes":""},"categories":[83,80],"tags":[],"class_list":["post-7770","post","type-post","status-publish","format-standard","has-post-thumbnail","hentry","category-destacado","category-mundo"],"_links":{"self":[{"href":"https:\/\/themexicopost.com\/index.php?rest_route=\/wp\/v2\/posts\/7770","targetHints":{"allow":["GET"]}}],"collection":[{"href":"https:\/\/themexicopost.com\/index.php?rest_route=\/wp\/v2\/posts"}],"about":[{"href":"https:\/\/themexicopost.com\/index.php?rest_route=\/wp\/v2\/types\/post"}],"author":[{"embeddable":true,"href":"https:\/\/themexicopost.com\/index.php?rest_route=\/wp\/v2\/users\/1"}],"replies":[{"embeddable":true,"href":"https:\/\/themexicopost.com\/index.php?rest_route=%2Fwp%2Fv2%2Fcomments&post=7770"}],"version-history":[{"count":1,"href":"https:\/\/themexicopost.com\/index.php?rest_route=\/wp\/v2\/posts\/7770\/revisions"}],"predecessor-version":[{"id":7772,"href":"https:\/\/themexicopost.com\/index.php?rest_route=\/wp\/v2\/posts\/7770\/revisions\/7772"}],"wp:featuredmedia":[{"embeddable":true,"href":"https:\/\/themexicopost.com\/index.php?rest_route=\/wp\/v2\/media\/7771"}],"wp:attachment":[{"href":"https:\/\/themexicopost.com\/index.php?rest_route=%2Fwp%2Fv2%2Fmedia&parent=7770"}],"wp:term":[{"taxonomy":"category","embeddable":true,"href":"https:\/\/themexicopost.com\/index.php?rest_route=%2Fwp%2Fv2%2Fcategories&post=7770"},{"taxonomy":"post_tag","embeddable":true,"href":"https:\/\/themexicopost.com\/index.php?rest_route=%2Fwp%2Fv2%2Ftags&post=7770"}],"curies":[{"name":"wp","href":"https:\/\/api.w.org\/{rel}","templated":true}]}}