{"id":77772,"date":"2026-03-05T16:30:29","date_gmt":"2026-03-05T22:30:29","guid":{"rendered":"https:\/\/themexicopost.com\/?p=77772"},"modified":"2026-03-05T16:30:31","modified_gmt":"2026-03-05T22:30:31","slug":"toluca-reconoce-a-mujeres-que-inspiran-y-transforman-la-ciudad","status":"publish","type":"post","link":"https:\/\/themexicopost.com\/?p=77772","title":{"rendered":"Toluca reconoce a mujeres que inspiran y transforman la ciudad\u00a0"},"content":{"rendered":"\n<p>En sesi\u00f3n solemne de Cabildo, el Ayuntamiento de Toluca realiz\u00f3 la entrega de la Presea al M\u00e9rito \u201cMujeres que Inspiran y Transforman Toluca\u201d, un reconocimiento que busca destacar el trabajo y la trayectoria de mujeres que han contribuido al desarrollo social de la capital mexiquense.<\/p>\n\n\n\n<p>Durante la ceremonia tambi\u00e9n se otorgaron menciones honor\u00edficas y reconocimientos p\u00f3stumos a mujeres cuya labor ha dejado una huella significativa en la comunidad, destacando su participaci\u00f3n en distintos \u00e1mbitos de la vida p\u00fablica y social.<\/p>\n\n\n\n<p>El alcalde Ricardo Moreno se\u00f1al\u00f3 que estas historias reflejan el impacto que tiene el trabajo de las mujeres en el desarrollo de la ciudad y reiter\u00f3 la importancia de reconocer su aportaci\u00f3n en la construcci\u00f3n de una sociedad m\u00e1s incluyente.<\/p>\n\n\n\n<p>Asimismo, el presidente municipal subray\u00f3 que su administraci\u00f3n busca fortalecer la perspectiva de g\u00e9nero como un eje transversal dentro de las pol\u00edticas p\u00fablicas que se implementan en Toluca.<\/p>\n\n\n\n<p>El gobierno municipal reiter\u00f3 que el objetivo es impulsar condiciones que permitan a mujeres y ni\u00f1as vivir con mayor libertad, seguridad y oportunidades, reconociendo el papel fundamental que desempe\u00f1an en el desarrollo de la ciudad.<\/p>\n","protected":false},"excerpt":{"rendered":"<p>En sesi\u00f3n solemne de Cabildo, el Ayuntamiento de Toluca realiz\u00f3 la entrega de la Presea al M\u00e9rito \u201cMujeres que Inspiran y Transforman Toluca\u201d, un reconocimiento que busca destacar el trabajo y la trayectoria de mujeres que han contribuido al desarrollo social de la capital mexiquense. Durante la ceremonia tambi\u00e9n se otorgaron menciones honor\u00edficas y reconocimientos [&hellip;]<\/p>\n","protected":false},"author":2,"featured_media":77773,"comment_status":"closed","ping_status":"closed","sticky":false,"template":"","format":"standard","meta":{"footnotes":""},"categories":[81],"tags":[],"class_list":["post-77772","post","type-post","status-publish","format-standard","has-post-thumbnail","hentry","category-nacional"],"_links":{"self":[{"href":"https:\/\/themexicopost.com\/index.php?rest_route=\/wp\/v2\/posts\/77772","targetHints":{"allow":["GET"]}}],"collection":[{"href":"https:\/\/themexicopost.com\/index.php?rest_route=\/wp\/v2\/posts"}],"about":[{"href":"https:\/\/themexicopost.com\/index.php?rest_route=\/wp\/v2\/types\/post"}],"author":[{"embeddable":true,"href":"https:\/\/themexicopost.com\/index.php?rest_route=\/wp\/v2\/users\/2"}],"replies":[{"embeddable":true,"href":"https:\/\/themexicopost.com\/index.php?rest_route=%2Fwp%2Fv2%2Fcomments&post=77772"}],"version-history":[{"count":1,"href":"https:\/\/themexicopost.com\/index.php?rest_route=\/wp\/v2\/posts\/77772\/revisions"}],"predecessor-version":[{"id":77774,"href":"https:\/\/themexicopost.com\/index.php?rest_route=\/wp\/v2\/posts\/77772\/revisions\/77774"}],"wp:featuredmedia":[{"embeddable":true,"href":"https:\/\/themexicopost.com\/index.php?rest_route=\/wp\/v2\/media\/77773"}],"wp:attachment":[{"href":"https:\/\/themexicopost.com\/index.php?rest_route=%2Fwp%2Fv2%2Fmedia&parent=77772"}],"wp:term":[{"taxonomy":"category","embeddable":true,"href":"https:\/\/themexicopost.com\/index.php?rest_route=%2Fwp%2Fv2%2Fcategories&post=77772"},{"taxonomy":"post_tag","embeddable":true,"href":"https:\/\/themexicopost.com\/index.php?rest_route=%2Fwp%2Fv2%2Ftags&post=77772"}],"curies":[{"name":"wp","href":"https:\/\/api.w.org\/{rel}","templated":true}]}}