{"id":77776,"date":"2026-03-05T16:52:53","date_gmt":"2026-03-05T22:52:53","guid":{"rendered":"https:\/\/themexicopost.com\/?p=77776"},"modified":"2026-03-05T16:52:55","modified_gmt":"2026-03-05T22:52:55","slug":"trump-advierte-a-fuerzas-de-seguridad-de-iran-que-depongan-las-arm4s","status":"publish","type":"post","link":"https:\/\/themexicopost.com\/?p=77776","title":{"rendered":"Trump advierte a fuerzas de seguridad de Ir\u00e1n que depongan las arm4s"},"content":{"rendered":"\n<p>El presidente de Estados Unidos, Donald Trump, lanz\u00f3 una advertencia dirigida al ej\u00e9rcito y a las fuerzas policiales de Ir\u00e1n, a quienes inst\u00f3 a deponer las armas en medio de las crecientes tensiones entre ambos pa\u00edses.<\/p>\n\n\n\n<p>De acuerdo con sus declaraciones, el mandatario estadounidense se\u00f1al\u00f3 que los integrantes de las fuerzas de seguridad iran\u00edes deber\u00edan abandonar las armas y evitar una mayor confrontaci\u00f3n en el actual escenario de tensi\u00f3n.<\/p>\n\n\n\n<p>Trump sostuvo que, de no hacerlo, podr\u00edan enfrentarse a consecuencias graves en el contexto del conflicto que involucra a ambos pa\u00edses y a la seguridad en la regi\u00f3n.<\/p>\n\n\n\n<p>Las declaraciones del presidente se dan en un momento de alta atenci\u00f3n internacional, marcado por recientes episodios de tensi\u00f3n en Medio Oriente y el seguimiento cercano de la comunidad internacional.<\/p>\n\n\n\n<p>Hasta el momento, autoridades iran\u00edes no han emitido una respuesta oficial directa a estas declaraciones, mientras contin\u00faan las reacciones en el \u00e1mbito pol\u00edtico y diplom\u00e1tico.<\/p>\n","protected":false},"excerpt":{"rendered":"<p>El presidente de Estados Unidos, Donald Trump, lanz\u00f3 una advertencia dirigida al ej\u00e9rcito y a las fuerzas policiales de Ir\u00e1n, a quienes inst\u00f3 a deponer las armas en medio de las crecientes tensiones entre ambos pa\u00edses. De acuerdo con sus declaraciones, el mandatario estadounidense se\u00f1al\u00f3 que los integrantes de las fuerzas de seguridad iran\u00edes deber\u00edan [&hellip;]<\/p>\n","protected":false},"author":2,"featured_media":77777,"comment_status":"closed","ping_status":"closed","sticky":false,"template":"","format":"standard","meta":{"footnotes":""},"categories":[1],"tags":[],"class_list":["post-77776","post","type-post","status-publish","format-standard","has-post-thumbnail","hentry","category-sin-categoria"],"_links":{"self":[{"href":"https:\/\/themexicopost.com\/index.php?rest_route=\/wp\/v2\/posts\/77776","targetHints":{"allow":["GET"]}}],"collection":[{"href":"https:\/\/themexicopost.com\/index.php?rest_route=\/wp\/v2\/posts"}],"about":[{"href":"https:\/\/themexicopost.com\/index.php?rest_route=\/wp\/v2\/types\/post"}],"author":[{"embeddable":true,"href":"https:\/\/themexicopost.com\/index.php?rest_route=\/wp\/v2\/users\/2"}],"replies":[{"embeddable":true,"href":"https:\/\/themexicopost.com\/index.php?rest_route=%2Fwp%2Fv2%2Fcomments&post=77776"}],"version-history":[{"count":1,"href":"https:\/\/themexicopost.com\/index.php?rest_route=\/wp\/v2\/posts\/77776\/revisions"}],"predecessor-version":[{"id":77778,"href":"https:\/\/themexicopost.com\/index.php?rest_route=\/wp\/v2\/posts\/77776\/revisions\/77778"}],"wp:featuredmedia":[{"embeddable":true,"href":"https:\/\/themexicopost.com\/index.php?rest_route=\/wp\/v2\/media\/77777"}],"wp:attachment":[{"href":"https:\/\/themexicopost.com\/index.php?rest_route=%2Fwp%2Fv2%2Fmedia&parent=77776"}],"wp:term":[{"taxonomy":"category","embeddable":true,"href":"https:\/\/themexicopost.com\/index.php?rest_route=%2Fwp%2Fv2%2Fcategories&post=77776"},{"taxonomy":"post_tag","embeddable":true,"href":"https:\/\/themexicopost.com\/index.php?rest_route=%2Fwp%2Fv2%2Ftags&post=77776"}],"curies":[{"name":"wp","href":"https:\/\/api.w.org\/{rel}","templated":true}]}}