{"id":7781,"date":"2023-04-03T15:14:55","date_gmt":"2023-04-03T15:14:55","guid":{"rendered":"https:\/\/themexicopost.com\/?p=7781"},"modified":"2023-04-03T15:15:19","modified_gmt":"2023-04-03T15:15:19","slug":"editor-de-la-pelicula-lo-que-el-viento-se-llevo-la-califica-como-hiriente-y-racista","status":"publish","type":"post","link":"https:\/\/themexicopost.com\/?p=7781","title":{"rendered":"Editor de la pel\u00edcula \u201cLo que el viento se llev\u00f3\u201d la califica como hiriente y racista"},"content":{"rendered":"\n<figure class=\"wp-block-pullquote\"><blockquote><p>La \u00faltima edici\u00f3n de la novela de Margaret Mitchell incluir\u00e1 una nota de advertencia sobre su &#8220;problem\u00e1tico&#8221; contenido.<\/p><\/blockquote><\/figure>\n\n\n\n<p class=\"has-drop-cap wp-block-paragraph\">La novela &#8216;Lo que el viento se llev\u00f3&#8217; ha sido calificada de &#8220;problem\u00e1tica&#8221; por su propio editor y contar\u00e1 con una advertencia de contenido &#8220;hiriente&#8221; y &#8220;racista&#8221; al inicio de su \u00faltima reedici\u00f3n, informa el diario Telegraph.<br><\/p>\n\n\n\n<p class=\"wp-block-paragraph\">&#8220;&#8216;Lo que el viento se llev\u00f3&#8217; es una novela que incluye elementos problem\u00e1ticos como la romantizaci\u00f3n de una \u00e9poca espantosa de nuestra historia y los horrores de la esclavitud&#8221;, reza la advertencia. Asimismo, agrega que &#8220;contiene una representaci\u00f3n de pr\u00e1cticas inaceptables, representaciones racistas y estereotipadas y temas, caracterizaciones, lenguaje e im\u00e1genes problem\u00e1ticos&#8221;.<br><\/p>\n\n\n\n<p class=\"wp-block-paragraph\">Escrita por Margaret Mitchell y publicada en 1936, la obra es un romance ambientado durante la guerra civil de EE.UU., en la que el Sur esclavista luch\u00f3 contra el Norte abolicionista. Cuenta la historia de amor de Scarlett O&#8217;Hara, la hija del due\u00f1o de una plantaci\u00f3n en Georgia, y el capit\u00e1n Rhett Butler, un miembro de la alta sociedad y militar de la Confederaci\u00f3n sudista.<br><\/p>\n\n\n\n<p class=\"wp-block-paragraph\">El libro y su posterior adaptaci\u00f3n al cine de 1939 han sido acusados durante mucho tiempo de romantizar la causa del Sur esclavista. Si bien la novela no ha sido reescrita para borrar los materiales ofensivos, la nota alerta &#8220;a los lectores que puede haber frases y terminolog\u00eda hirientes o incluso da\u00f1inas que prevalec\u00edan en el momento en que se escribi\u00f3 esta novela y que son fieles al contexto de su escenario hist\u00f3rico&#8221;.<br><\/p>\n\n\n\n<figure class=\"wp-block-image size-large\"><img fetchpriority=\"high\" decoding=\"async\" width=\"1024\" height=\"683\" src=\"https:\/\/themexicopost.com\/wp-content\/uploads\/2023\/04\/califican-1024x683.jpg\" alt=\"\" class=\"wp-image-7783\" srcset=\"https:\/\/themexicopost.com\/wp-content\/uploads\/2023\/04\/califican-1024x683.jpg 1024w, https:\/\/themexicopost.com\/wp-content\/uploads\/2023\/04\/califican-300x200.jpg 300w, https:\/\/themexicopost.com\/wp-content\/uploads\/2023\/04\/califican-768x512.jpg 768w, https:\/\/themexicopost.com\/wp-content\/uploads\/2023\/04\/califican-330x220.jpg 330w, https:\/\/themexicopost.com\/wp-content\/uploads\/2023\/04\/califican-420x280.jpg 420w, https:\/\/themexicopost.com\/wp-content\/uploads\/2023\/04\/califican-615x410.jpg 615w, https:\/\/themexicopost.com\/wp-content\/uploads\/2023\/04\/califican-860x573.jpg 860w, https:\/\/themexicopost.com\/wp-content\/uploads\/2023\/04\/califican.jpg 1200w\" sizes=\"(max-width: 1024px) 100vw, 1024px\" \/><\/figure>\n\n\n\n<p class=\"wp-block-paragraph\">La editorial, Pan Macmillan, explica que la obra no ha sido editada para eliminar contenido objetable, ya que &#8220;cree que cambiar el texto para reflejar el mundo actual socavar\u00eda la autenticidad del original, por lo que ha optado por dejar el texto en su totalidad&#8221;. Sin embargo, aclara que la negativa de excluir ese lenguaje no &#8220;constituye una aprobaci\u00f3n&#8221; del mismo.<br><\/p>\n\n\n\n<p class=\"wp-block-paragraph\">Adem\u00e1s de la advertencia, la nueva edici\u00f3n incluye un ensayo de la novelista inglesa Philippa Gregory, que afirma que la historia &#8220;defiende el racismo&#8221; y &#8220;ensalza y predica la supremac\u00eda blanca&#8221;.<br><\/p>\n\n\n\n<p class=\"wp-block-paragraph\">&#8220;Nos dice, inequ\u00edvocamente, que los africanos no son de la misma especie que los blancos&#8221;, expone, apuntando que &#8220;esa es la mentira que estropea la novela&#8221;.<br><\/p>\n\n\n\n<p class=\"wp-block-paragraph\">Seg\u00fan la editorial, Gregory, una autora brit\u00e1nica de raza blanca, fue seleccionada para escribir el ensayo al considerar que &#8220;era importante que no se le pidiera a ning\u00fan autor de origen minoritario que asumiera el trabajo emocional de ser responsable de educar a la mayor\u00eda&#8221;.<br><\/p>\n\n\n\n<p class=\"wp-block-paragraph\">&#8216;Lo que el viento se llev\u00f3&#8217; es uno de los libros m\u00e1s populares de todos los tiempos, con m\u00e1s de 30 millones de copias vendidas en todo el mundo.<\/p>\n","protected":false},"excerpt":{"rendered":"<p>La \u00faltima edici\u00f3n de la novela de Margaret Mitchell incluir\u00e1 una nota de advertencia sobre su &#8220;problem\u00e1tico&#8221; contenido. La novela &#8216;Lo que el viento se llev\u00f3&#8217; ha sido calificada de &#8220;problem\u00e1tica&#8221; por su propio editor y contar\u00e1 con una advertencia de contenido &#8220;hiriente&#8221; y &#8220;racista&#8221; al inicio de su \u00faltima reedici\u00f3n, informa el diario Telegraph. [&hellip;]<\/p>\n","protected":false},"author":1,"featured_media":7782,"comment_status":"closed","ping_status":"closed","sticky":false,"template":"","format":"standard","meta":{"footnotes":""},"categories":[78],"tags":[],"class_list":["post-7781","post","type-post","status-publish","format-standard","has-post-thumbnail","hentry","category-espectaculos"],"_links":{"self":[{"href":"https:\/\/themexicopost.com\/index.php?rest_route=\/wp\/v2\/posts\/7781","targetHints":{"allow":["GET"]}}],"collection":[{"href":"https:\/\/themexicopost.com\/index.php?rest_route=\/wp\/v2\/posts"}],"about":[{"href":"https:\/\/themexicopost.com\/index.php?rest_route=\/wp\/v2\/types\/post"}],"author":[{"embeddable":true,"href":"https:\/\/themexicopost.com\/index.php?rest_route=\/wp\/v2\/users\/1"}],"replies":[{"embeddable":true,"href":"https:\/\/themexicopost.com\/index.php?rest_route=%2Fwp%2Fv2%2Fcomments&post=7781"}],"version-history":[{"count":1,"href":"https:\/\/themexicopost.com\/index.php?rest_route=\/wp\/v2\/posts\/7781\/revisions"}],"predecessor-version":[{"id":7784,"href":"https:\/\/themexicopost.com\/index.php?rest_route=\/wp\/v2\/posts\/7781\/revisions\/7784"}],"wp:featuredmedia":[{"embeddable":true,"href":"https:\/\/themexicopost.com\/index.php?rest_route=\/wp\/v2\/media\/7782"}],"wp:attachment":[{"href":"https:\/\/themexicopost.com\/index.php?rest_route=%2Fwp%2Fv2%2Fmedia&parent=7781"}],"wp:term":[{"taxonomy":"category","embeddable":true,"href":"https:\/\/themexicopost.com\/index.php?rest_route=%2Fwp%2Fv2%2Fcategories&post=7781"},{"taxonomy":"post_tag","embeddable":true,"href":"https:\/\/themexicopost.com\/index.php?rest_route=%2Fwp%2Fv2%2Ftags&post=7781"}],"curies":[{"name":"wp","href":"https:\/\/api.w.org\/{rel}","templated":true}]}}