{"id":77823,"date":"2026-03-06T07:23:30","date_gmt":"2026-03-06T13:23:30","guid":{"rendered":"https:\/\/themexicopost.com\/?p=77823"},"modified":"2026-03-06T07:23:33","modified_gmt":"2026-03-06T13:23:33","slug":"trump-cesa-a-secretaria-de-seguridad-nacional-kristi-noem","status":"publish","type":"post","link":"https:\/\/themexicopost.com\/?p=77823","title":{"rendered":"Trump cesa a secretaria de Seguridad Nacional, Kristi Noem"},"content":{"rendered":"\n<figure class=\"wp-block-pullquote\"><blockquote><p>-Kristi Noem fue una de las art\u00edfices de la pol\u00edtica de expulsiones de inmigrantes del Gobierno estadounidense.<\/p><\/blockquote><\/figure>\n\n\n\n<p class=\"has-drop-cap\">El presidente de Estados Unidos, Donald Trump, anunci\u00f3 el cese de la secretaria del Departamento de Seguridad Nacional (DHS), Kristi Noem, quien dejar\u00e1 el cargo el 31 de marzo y ser\u00e1 sustituida por el senador de Oklahoma, Markwayne Mullin.<br><\/p>\n\n\n\n<p>&#8220;La actual secretaria, Kristi Noem, quien nos ha servido eficazmente y ha obtenido numerosos y espectaculares resultados (\u00a1especialmente en la frontera!), pasar\u00e1 a ser enviada especial para el Escudo de las Am\u00e9ricas, nuestra nueva iniciativa de seguridad en el hemisferio occidental (t\u00e9rmino que Washington emplea para referirse a las Am\u00e9ricas) que anunciaremos el s\u00e1bado en Doral, Florida&#8221;, escribi\u00f3 el presidente en su cuenta de Truth Social.<br><\/p>\n\n\n\n<p>Noem, exgobernadora de Dakota del Sur, era muy cuestionada por su gesti\u00f3n de la crisis de las redadas migratorias en el estado de Minesota, en las que dos ciudadanos estadounidenses murieron por disparos de agentes federales. Noem lleg\u00f3 a acusar a las v\u00edctimas de terrorismo dom\u00e9stico sin tener pruebas.<br><\/p>\n\n\n\n<p>Adem\u00e1s, esta misma semana hab\u00eda comparecido en el Capitolio en una pol\u00e9mica intervenci\u00f3n en la que se neg\u00f3 a retractarse de esos comentarios y en la que culp\u00f3 a los manifestantes del caos y defendi\u00f3 la pol\u00edtica de deportaciones masivas de Trump.<br><\/p>\n\n\n\n<p>Fue duramente cuestionada por senadores dem\u00f3cratas y tambi\u00e9n por el republicano Thom Tillis, que pidi\u00f3 su dimisi\u00f3n y record\u00f3 el pol\u00e9mico episodio de su libro en el que Noem relataba c\u00f3mo hab\u00eda matado a su perra y a una cabra.<br><\/p>\n\n\n\n<p>Precisamente por lo sucedido en Minesota, el DHS se encuentra parcialmente cerrado por falta de fondos desde el 14 de febrero, a la espera de que dem\u00f3cratas y republicanos acuerden cambios en los procesos operativos de las redadas migratorias que desatasquen la aprobaci\u00f3n de la partida presupuestaria.<\/p>\n","protected":false},"excerpt":{"rendered":"<p>-Kristi Noem fue una de las art\u00edfices de la pol\u00edtica de expulsiones de inmigrantes del Gobierno estadounidense. El presidente de Estados Unidos, Donald Trump, anunci\u00f3 el cese de la secretaria del Departamento de Seguridad Nacional (DHS), Kristi Noem, quien dejar\u00e1 el cargo el 31 de marzo y ser\u00e1 sustituida por el senador de Oklahoma, Markwayne [&hellip;]<\/p>\n","protected":false},"author":1,"featured_media":77827,"comment_status":"closed","ping_status":"closed","sticky":false,"template":"","format":"standard","meta":{"footnotes":""},"categories":[83,80],"tags":[],"class_list":["post-77823","post","type-post","status-publish","format-standard","has-post-thumbnail","hentry","category-destacado","category-mundo"],"_links":{"self":[{"href":"https:\/\/themexicopost.com\/index.php?rest_route=\/wp\/v2\/posts\/77823","targetHints":{"allow":["GET"]}}],"collection":[{"href":"https:\/\/themexicopost.com\/index.php?rest_route=\/wp\/v2\/posts"}],"about":[{"href":"https:\/\/themexicopost.com\/index.php?rest_route=\/wp\/v2\/types\/post"}],"author":[{"embeddable":true,"href":"https:\/\/themexicopost.com\/index.php?rest_route=\/wp\/v2\/users\/1"}],"replies":[{"embeddable":true,"href":"https:\/\/themexicopost.com\/index.php?rest_route=%2Fwp%2Fv2%2Fcomments&post=77823"}],"version-history":[{"count":1,"href":"https:\/\/themexicopost.com\/index.php?rest_route=\/wp\/v2\/posts\/77823\/revisions"}],"predecessor-version":[{"id":77828,"href":"https:\/\/themexicopost.com\/index.php?rest_route=\/wp\/v2\/posts\/77823\/revisions\/77828"}],"wp:featuredmedia":[{"embeddable":true,"href":"https:\/\/themexicopost.com\/index.php?rest_route=\/wp\/v2\/media\/77827"}],"wp:attachment":[{"href":"https:\/\/themexicopost.com\/index.php?rest_route=%2Fwp%2Fv2%2Fmedia&parent=77823"}],"wp:term":[{"taxonomy":"category","embeddable":true,"href":"https:\/\/themexicopost.com\/index.php?rest_route=%2Fwp%2Fv2%2Fcategories&post=77823"},{"taxonomy":"post_tag","embeddable":true,"href":"https:\/\/themexicopost.com\/index.php?rest_route=%2Fwp%2Fv2%2Ftags&post=77823"}],"curies":[{"name":"wp","href":"https:\/\/api.w.org\/{rel}","templated":true}]}}