{"id":77829,"date":"2026-03-06T07:26:41","date_gmt":"2026-03-06T13:26:41","guid":{"rendered":"https:\/\/themexicopost.com\/?p=77829"},"modified":"2026-03-06T07:26:45","modified_gmt":"2026-03-06T13:26:45","slug":"iran-lanza-advertencia-de-mantener-una-guerra-prolongada","status":"publish","type":"post","link":"https:\/\/themexicopost.com\/?p=77829","title":{"rendered":"Ir\u00e1n lanza advertencia de mantener una guerra prolongada"},"content":{"rendered":"\n<figure class=\"wp-block-pullquote\"><blockquote><p>-Afirmaron que emplear\u00e1n nuevas armas estrat\u00e9gicas en futuras operaciones.<\/p><\/blockquote><\/figure>\n\n\n\n<p class=\"has-drop-cap\">La Guardia Revolucionaria de Ir\u00e1n advirti\u00f3 que el pa\u00eds est\u00e1 preparado para una guerra prolongada y asegur\u00f3 que emplear\u00e1 nuevas armas estrat\u00e9gicas en futuras operaciones.<br><\/p>\n\n\n\n<p>El portavoz de la Guardia Revolucionaria iran\u00ed (IRGC), el general de brigada Ali Mohammad Naeini, afirm\u00f3 que las ofensivas lanzadas hasta ahora solo han utilizado una fracci\u00f3n de las capacidades militares iran\u00edes, seg\u00fan un comunicado recogido por la televisi\u00f3n local Press TV.<br><\/p>\n\n\n\n<p>&#8220;Ir\u00e1n est\u00e1 preparado para una guerra larga para castigar al agresor&#8221;, declar\u00f3 Naeini, quien asegur\u00f3 que Teher\u00e1n desplegar\u00e1 en pr\u00f3ximas fases del conflicto una nueva generaci\u00f3n de armamento estrat\u00e9gico que a\u00fan no ha sido utilizado a gran escala en el campo de batalla, sin dar m\u00e1s detalles.<br><\/p>\n\n\n\n<p>El portavoz a\u00f1adi\u00f3 que \u00abnuevas iniciativas y armas est\u00e1n en camino\u00bb y advirti\u00f3 de que los adversarios de Ir\u00e1n pueden esperar golpes dolorosos en cada pr\u00f3xima oleada operativa.<br><\/p>\n\n\n\n<p>El L\u00edbano amaneci\u00f3 este viernes con el registro de nuevos bombardeos en los barrios perif\u00e9ricos en el sur de la capital, Beirut, y tambi\u00e9n en el sur del pa\u00eds, seg\u00fan reporta la Agencia Nacional de Noticias libanesa (ANN).<br><\/p>\n\n\n\n<p>La agencia inform\u00f3 de bombardeos cerca de Baalbek, en el este del pa\u00eds; ciudades del sur del L\u00edbano como Touline o Srifa y los suburbios de la capital como Haret Kreik, que ya han sido objetivo de los ataques desde el pasado lunes.<br><\/p>\n\n\n\n<p>Israel emiti\u00f3 \u00f3rdenes masivas de evacuaci\u00f3n para estos barrios del extrarradio y lanz\u00f3 algunos bombardeos con cuentagotas de lo que se esperaba que fuera una oleada intensa.<br><\/p>\n\n\n\n<p>El Ej\u00e9rcito israel\u00ed redobl\u00f3 su ofensiva durante la madrugada libanesa. Por la noche del jueves, anunci\u00f3 la operaci\u00f3n espec\u00edficamente contra el sur de Beirut, sin mencionar los otros lugares alcanzados seg\u00fan la ANN.<br><\/p>\n\n\n\n<p>Israel mantiene una intensa campa\u00f1a de bombardeos contra el sur y el este del L\u00edbano, adem\u00e1s de las afueras de la capital, con el objetivo de combatir al grupo chi\u00ed Hizbul\u00e1. Los ataques dejan ya 123 fallecidos, 683 heridos y decenas de miles de desplazados, en el peor estallido de violencia desde el alto el fuego de finales de 2024 entre ambos pa\u00edses.<br><\/p>\n\n\n\n<p>Desde L\u00edbano, Hizbul\u00e1, aliado de Ir\u00e1n, sigue atacando el norte de Israel, con un alcance limitado, como represalia por la operaci\u00f3n conjunta entre el Estado jud\u00edo y Washington sobre Teher\u00e1n y la c\u00fapula pol\u00edtica y militar iran\u00ed.<br><\/p>\n\n\n\n<p>Los sistemas de defensa de Arabia Saud\u00ed, Catar y Kuwait interceptaron este viernes varios misiles en su espacio a\u00e9reo, seg\u00fan informaron sus gobiernos en el s\u00e9ptimo d\u00eda de la guerra entre Israel y Estados Unidos contra Ir\u00e1n.<br><\/p>\n\n\n\n<p>El Ministerio de Exteriores de Arabia Saud\u00ed inform\u00f3 en las \u00faltimas cuatro horas sobre varios derribos. Seg\u00fan los comunicados, las defensas del pa\u00eds interceptaron y destruyeron un misil de crucero al este de la gobernaci\u00f3n de Al-Kharj y, posteriormente, otro en la misma zona.<br><\/p>\n\n\n\n<p>Adem\u00e1s, fue derribado un dron en la regi\u00f3n oriental del pa\u00eds, sin que se precisara la ubicaci\u00f3n exacta. En un cuarto ataque, las fuerzas de defensa a\u00e9rea destruyeron tres misiles bal\u00edsticos que se dirig\u00edan hacia la base a\u00e9rea Pr\u00edncipe Sult\u00e1n.<br><\/p>\n\n\n\n<p>El Ej\u00e9rcito de Kuwait, por su parte, inform\u00f3 que sus defensas a\u00e9reas \u00abest\u00e1n actualmente haciendo frente a ataques con misiles y drones hostiles que han penetrado el espacio a\u00e9reo\u00bb.<br><\/p>\n\n\n\n<p>La defensa a\u00e9rea de Catar tambi\u00e9n asegur\u00f3 haber frustrado un ataque con drones contra la base de Al Udeid en Doha, que alberga efectivos estadounidenses.<\/p>\n","protected":false},"excerpt":{"rendered":"<p>-Afirmaron que emplear\u00e1n nuevas armas estrat\u00e9gicas en futuras operaciones. La Guardia Revolucionaria de Ir\u00e1n advirti\u00f3 que el pa\u00eds est\u00e1 preparado para una guerra prolongada y asegur\u00f3 que emplear\u00e1 nuevas armas estrat\u00e9gicas en futuras operaciones. El portavoz de la Guardia Revolucionaria iran\u00ed (IRGC), el general de brigada Ali Mohammad Naeini, afirm\u00f3 que las ofensivas lanzadas hasta [&hellip;]<\/p>\n","protected":false},"author":1,"featured_media":77833,"comment_status":"closed","ping_status":"closed","sticky":false,"template":"","format":"standard","meta":{"footnotes":""},"categories":[83,80],"tags":[],"class_list":["post-77829","post","type-post","status-publish","format-standard","has-post-thumbnail","hentry","category-destacado","category-mundo"],"_links":{"self":[{"href":"https:\/\/themexicopost.com\/index.php?rest_route=\/wp\/v2\/posts\/77829","targetHints":{"allow":["GET"]}}],"collection":[{"href":"https:\/\/themexicopost.com\/index.php?rest_route=\/wp\/v2\/posts"}],"about":[{"href":"https:\/\/themexicopost.com\/index.php?rest_route=\/wp\/v2\/types\/post"}],"author":[{"embeddable":true,"href":"https:\/\/themexicopost.com\/index.php?rest_route=\/wp\/v2\/users\/1"}],"replies":[{"embeddable":true,"href":"https:\/\/themexicopost.com\/index.php?rest_route=%2Fwp%2Fv2%2Fcomments&post=77829"}],"version-history":[{"count":1,"href":"https:\/\/themexicopost.com\/index.php?rest_route=\/wp\/v2\/posts\/77829\/revisions"}],"predecessor-version":[{"id":77834,"href":"https:\/\/themexicopost.com\/index.php?rest_route=\/wp\/v2\/posts\/77829\/revisions\/77834"}],"wp:featuredmedia":[{"embeddable":true,"href":"https:\/\/themexicopost.com\/index.php?rest_route=\/wp\/v2\/media\/77833"}],"wp:attachment":[{"href":"https:\/\/themexicopost.com\/index.php?rest_route=%2Fwp%2Fv2%2Fmedia&parent=77829"}],"wp:term":[{"taxonomy":"category","embeddable":true,"href":"https:\/\/themexicopost.com\/index.php?rest_route=%2Fwp%2Fv2%2Fcategories&post=77829"},{"taxonomy":"post_tag","embeddable":true,"href":"https:\/\/themexicopost.com\/index.php?rest_route=%2Fwp%2Fv2%2Ftags&post=77829"}],"curies":[{"name":"wp","href":"https:\/\/api.w.org\/{rel}","templated":true}]}}