{"id":77842,"date":"2026-03-06T07:33:55","date_gmt":"2026-03-06T13:33:55","guid":{"rendered":"https:\/\/themexicopost.com\/?p=77842"},"modified":"2026-03-06T07:34:00","modified_gmt":"2026-03-06T13:34:00","slug":"condena-cidh-al-estado-peruano-por-esterilizacion-forzada","status":"publish","type":"post","link":"https:\/\/themexicopost.com\/?p=77842","title":{"rendered":"Condena CIDH al estado peruano por esterilizaci\u00f3n forzada"},"content":{"rendered":"\n<figure class=\"wp-block-pullquote\"><blockquote><p>-El tribunal declar\u00f3 al Estado peruano responsable de diversas violaciones a la sombra de un programa de planificaci\u00f3n familiar implementado durante el gobierno de Alberto Fujimori.<\/p><\/blockquote><\/figure>\n\n\n\n<p class=\"has-drop-cap\">La Corte Interamericana de Derechos Humanos declar\u00f3 responsable a Per\u00fa por la esterilizaci\u00f3n forzada y muerte de una campesina en 1997, una pr\u00e1ctica que afect\u00f3 a unas 300.000 mujeres en la d\u00e9cada de 1990 durante el gobierno de Alberto Fujimori.<br><\/p>\n\n\n\n<p>La Corte declar\u00f3 la responsabilidad internacional del Estado peruano por la esterilizaci\u00f3n forzada y posterior muerte de Celia Edith Ramos Durand, indica la sentencia le\u00edda por Rodrigo Mudrovitsch, presidente del tribunal, con sede en San Jos\u00e9, Costa Rica.<br><\/p>\n\n\n\n<p>Asimismo, el tribunal orden\u00f3 que el Estado avance con la investigaci\u00f3n para determinar las circunstancias de la muerte de Ramos Durand y, de ser necesario, procese y sancione a los responsables.<br><\/p>\n\n\n\n<p>Ramos Durand, quien falleci\u00f3 tras el procedimiento, habr\u00eda recibido constantes visitas de profesionales de la salud con la finalidad de convencerla de someterse a una ligadura de trompas, seg\u00fan la denuncia presentada ante la justicia interamericana.<br><\/p>\n\n\n\n<p>La mujer sufri\u00f3 complicaciones m\u00e9dicas durante la operaci\u00f3n, por lo que fue trasladada a una cl\u00ednica de la ciudad de Piura, donde fue internada en estado de coma.<br><\/p>\n\n\n\n<p>Su esposo present\u00f3 en la \u00e9poca una denuncia contra el personal m\u00e9dico que particip\u00f3 en la cirug\u00eda, pero el caso fue archivado. Desde entonces, el proceso penal se ha reabierto y archivado, al menos, en dos oportunidades.<br><\/p>\n\n\n\n<p>En 2024, un comit\u00e9 de la ONU asegur\u00f3 que esta pol\u00edtica de esterilizaci\u00f3n forzada podr\u00eda constituir un crimen de lesa humanidad que vulner\u00f3 de forma sistem\u00e1tica los derechos de m\u00e1s de 300.000 mujeres, principalmente campesinas e ind\u00edgenas.<br><\/p>\n\n\n\n<p>&#8220;Fueron esterilizadas forzosamente, en comparaci\u00f3n con aproximadamente 25.000 hombres&#8221;, a\u00f1adi\u00f3 la comisi\u00f3n de la ONU.<br><\/p>\n\n\n\n<p>Las v\u00edctimas aseguran que fueron enga\u00f1adas o presionadas para someterse a las esterilizaciones en cl\u00ednicas sin infraestructura adecuada ni personal capacitado. Incluso, algunas no sab\u00edan leer ni hablar espa\u00f1ol o no comprend\u00edan la naturaleza del procedimiento.<br><\/p>\n\n\n\n<p>Estas intervenciones formaron parte de un programa de planificaci\u00f3n familiar implementado por el fallecido expresidente Alberto Fujimori durante los \u00faltimos cuatro a\u00f1os de su mandato, que termin\u00f3 en 2000 despu\u00e9s de una d\u00e9cada en el poder marcada por graves violaciones de derechos humanos y esc\u00e1ndalos de corrupci\u00f3n.<\/p>\n","protected":false},"excerpt":{"rendered":"<p>-El tribunal declar\u00f3 al Estado peruano responsable de diversas violaciones a la sombra de un programa de planificaci\u00f3n familiar implementado durante el gobierno de Alberto Fujimori. La Corte Interamericana de Derechos Humanos declar\u00f3 responsable a Per\u00fa por la esterilizaci\u00f3n forzada y muerte de una campesina en 1997, una pr\u00e1ctica que afect\u00f3 a unas 300.000 mujeres [&hellip;]<\/p>\n","protected":false},"author":1,"featured_media":77846,"comment_status":"closed","ping_status":"closed","sticky":false,"template":"","format":"standard","meta":{"footnotes":""},"categories":[83,80],"tags":[],"class_list":["post-77842","post","type-post","status-publish","format-standard","has-post-thumbnail","hentry","category-destacado","category-mundo"],"_links":{"self":[{"href":"https:\/\/themexicopost.com\/index.php?rest_route=\/wp\/v2\/posts\/77842","targetHints":{"allow":["GET"]}}],"collection":[{"href":"https:\/\/themexicopost.com\/index.php?rest_route=\/wp\/v2\/posts"}],"about":[{"href":"https:\/\/themexicopost.com\/index.php?rest_route=\/wp\/v2\/types\/post"}],"author":[{"embeddable":true,"href":"https:\/\/themexicopost.com\/index.php?rest_route=\/wp\/v2\/users\/1"}],"replies":[{"embeddable":true,"href":"https:\/\/themexicopost.com\/index.php?rest_route=%2Fwp%2Fv2%2Fcomments&post=77842"}],"version-history":[{"count":1,"href":"https:\/\/themexicopost.com\/index.php?rest_route=\/wp\/v2\/posts\/77842\/revisions"}],"predecessor-version":[{"id":77847,"href":"https:\/\/themexicopost.com\/index.php?rest_route=\/wp\/v2\/posts\/77842\/revisions\/77847"}],"wp:featuredmedia":[{"embeddable":true,"href":"https:\/\/themexicopost.com\/index.php?rest_route=\/wp\/v2\/media\/77846"}],"wp:attachment":[{"href":"https:\/\/themexicopost.com\/index.php?rest_route=%2Fwp%2Fv2%2Fmedia&parent=77842"}],"wp:term":[{"taxonomy":"category","embeddable":true,"href":"https:\/\/themexicopost.com\/index.php?rest_route=%2Fwp%2Fv2%2Fcategories&post=77842"},{"taxonomy":"post_tag","embeddable":true,"href":"https:\/\/themexicopost.com\/index.php?rest_route=%2Fwp%2Fv2%2Ftags&post=77842"}],"curies":[{"name":"wp","href":"https:\/\/api.w.org\/{rel}","templated":true}]}}