{"id":77845,"date":"2026-03-06T07:36:48","date_gmt":"2026-03-06T13:36:48","guid":{"rendered":"https:\/\/themexicopost.com\/?p=77845"},"modified":"2026-03-06T07:37:09","modified_gmt":"2026-03-06T13:37:09","slug":"rusia-no-intervendra-en-el-conflicto-de-orientemedio-dmitri-peskov","status":"publish","type":"post","link":"https:\/\/themexicopost.com\/?p=77845","title":{"rendered":"Rusia no intervendr\u00e1 en el conflicto de Oriente Medio: Dmitri Peskov"},"content":{"rendered":"\n<figure class=\"wp-block-pullquote\"><blockquote><p>-Peskov insisti\u00f3 en que el conflicto en curso no pertenece a Rusia.<\/p><\/blockquote><\/figure>\n\n\n\n<p class=\"has-drop-cap\">Rusia no tiene intenci\u00f3n de intervenir en el conflicto de Oriente Medio, confirm\u00f3 el portavoz presidencial ruso, Dmitri Peskov, dejando claro que la guerra en la regi\u00f3n la deben detener \u00fanicamente quienes la iniciaron.<br><\/p>\n\n\n\n<p>\u201c\u00bfSomos capaces de detener esta guerra? No, no lo somos. Puede detenerla quien la empez\u00f3, que es precisamente lo que deber\u00edan hacer, desde nuestro punto de vista\u201d, declar\u00f3.<br><\/p>\n\n\n\n<p>Peskov insisti\u00f3 en que el conflicto en curso no pertenece a Rusia: \u201cEsa guerra que est\u00e1 ocurriendo no es nuestra guerra\u201d.<br><\/p>\n\n\n\n<p>Desde el inicio, advirti\u00f3, Mosc\u00fa ha mantenido una posici\u00f3n clara al avisar que cualquier guerra es capaz de desestabilizar la regi\u00f3n. Estamos viendo constantemente c\u00f3mo crece el n\u00famero de pa\u00edses que se involucran en esta guerra, se\u00f1al\u00f3 el portavoz.<br><\/p>\n\n\n\n<p>Peskov enfatiz\u00f3 que Rusia debe actuar seg\u00fan sus propios intereses nacionales. \u201cTenemos que minimizar ahora las consecuencias para nuestra econom\u00eda de esas perturbaciones globales que, como ya vemos, est\u00e1n comenzando\u201d, explic\u00f3. \u201cDebemos garantizar nuestros beneficios all\u00ed donde sea posible, por c\u00ednico que pueda sonar\u201d, a\u00f1adi\u00f3.<\/p>\n","protected":false},"excerpt":{"rendered":"<p>-Peskov insisti\u00f3 en que el conflicto en curso no pertenece a Rusia. Rusia no tiene intenci\u00f3n de intervenir en el conflicto de Oriente Medio, confirm\u00f3 el portavoz presidencial ruso, Dmitri Peskov, dejando claro que la guerra en la regi\u00f3n la deben detener \u00fanicamente quienes la iniciaron. \u201c\u00bfSomos capaces de detener esta guerra? No, no lo [&hellip;]<\/p>\n","protected":false},"author":1,"featured_media":77849,"comment_status":"closed","ping_status":"closed","sticky":false,"template":"","format":"standard","meta":{"footnotes":""},"categories":[80],"tags":[],"class_list":["post-77845","post","type-post","status-publish","format-standard","has-post-thumbnail","hentry","category-mundo"],"_links":{"self":[{"href":"https:\/\/themexicopost.com\/index.php?rest_route=\/wp\/v2\/posts\/77845","targetHints":{"allow":["GET"]}}],"collection":[{"href":"https:\/\/themexicopost.com\/index.php?rest_route=\/wp\/v2\/posts"}],"about":[{"href":"https:\/\/themexicopost.com\/index.php?rest_route=\/wp\/v2\/types\/post"}],"author":[{"embeddable":true,"href":"https:\/\/themexicopost.com\/index.php?rest_route=\/wp\/v2\/users\/1"}],"replies":[{"embeddable":true,"href":"https:\/\/themexicopost.com\/index.php?rest_route=%2Fwp%2Fv2%2Fcomments&post=77845"}],"version-history":[{"count":2,"href":"https:\/\/themexicopost.com\/index.php?rest_route=\/wp\/v2\/posts\/77845\/revisions"}],"predecessor-version":[{"id":77852,"href":"https:\/\/themexicopost.com\/index.php?rest_route=\/wp\/v2\/posts\/77845\/revisions\/77852"}],"wp:featuredmedia":[{"embeddable":true,"href":"https:\/\/themexicopost.com\/index.php?rest_route=\/wp\/v2\/media\/77849"}],"wp:attachment":[{"href":"https:\/\/themexicopost.com\/index.php?rest_route=%2Fwp%2Fv2%2Fmedia&parent=77845"}],"wp:term":[{"taxonomy":"category","embeddable":true,"href":"https:\/\/themexicopost.com\/index.php?rest_route=%2Fwp%2Fv2%2Fcategories&post=77845"},{"taxonomy":"post_tag","embeddable":true,"href":"https:\/\/themexicopost.com\/index.php?rest_route=%2Fwp%2Fv2%2Ftags&post=77845"}],"curies":[{"name":"wp","href":"https:\/\/api.w.org\/{rel}","templated":true}]}}