{"id":77855,"date":"2026-03-06T07:40:47","date_gmt":"2026-03-06T13:40:47","guid":{"rendered":"https:\/\/themexicopost.com\/?p=77855"},"modified":"2026-03-06T07:40:50","modified_gmt":"2026-03-06T13:40:50","slug":"instan-lideres-de-canada-y-australia-a-desescalar-la-guerra","status":"publish","type":"post","link":"https:\/\/themexicopost.com\/?p=77855","title":{"rendered":"Instan l\u00edderes de Canad\u00e1 y Australia a desescalar la guerra"},"content":{"rendered":"\n<figure class=\"wp-block-pullquote\"><blockquote><p>-Sin embargo ambos mandatarios coinciden en que Ir\u00e1n no puede obtener armas nucleares.<\/p><\/blockquote><\/figure>\n\n\n\n<p class=\"has-drop-cap\">Los primeros ministros de Canad\u00e1 y Australia pidieron una desescalada de la guerra con Ir\u00e1n, pero a\u00f1adieron que Ir\u00e1n nunca debe obtener un arma nuclear.<br><\/p>\n\n\n\n<p>El canadiense Mark Carney y su hom\u00f3logo australiano, Anthony Albanese, hablaron sobre la guerra durante su reuni\u00f3n en Canberra, la capital de Australia.<br><\/p>\n\n\n\n<p>La reuni\u00f3n se produjo tras la noticia de que un submarino estadounidense hundi\u00f3 un buque de guerra iran\u00ed en el Oc\u00e9ano \u00cdndico y Turqu\u00eda afirm\u00f3 que las defensas de la OTAN interceptaron un misil bal\u00edstico lanzado desde Ir\u00e1n antes de que entrara en su espacio a\u00e9reo.<br><\/p>\n\n\n\n<p>&#8220;Queremos ver una desescalada m\u00e1s amplia de estas hostilidades con un grupo m\u00e1s amplio de pa\u00edses, no solo los beligerantes directamente involucrados&#8221;, declar\u00f3 Carney en una conferencia de prensa con Albanese.<br><\/p>\n\n\n\n<p>\u201cEnfatizamos que esto no se puede lograr a menos que estemos en una posici\u00f3n que ponga fin a la capacidad de Ir\u00e1n para adquirir y desarrollar un arma nuclear, as\u00ed como para exportar terrorismo. Por lo tanto, ese proceso debe conducir a esos resultados\u201d, a\u00f1adi\u00f3 Carney.<br><\/p>\n\n\n\n<p>Afirm\u00f3 que el Consejo de Cooperaci\u00f3n del Golfo, compuesto por seis naciones y que estaba mostrando una enorme moderaci\u00f3n, deber\u00eda involucrarse en el proceso de desescalada.<br><\/p>\n\n\n\n<p>Albanese afirm\u00f3: \u201cEl mundo desea ver una desescalada y que Ir\u00e1n deje de dispersar los destinos de sus ataques\u201d.<br><\/p>\n\n\n\n<p>\u201cEstamos viendo a Estados del Golfo, que no han estado involucrados, siendo atacados de forma generalizada, incluyendo ataques a zonas civiles y tur\u00edsticas. Pero tambi\u00e9n queremos ver que se alcancen los objetivos. Quiero ver la posibilidad de que Ir\u00e1n logre eliminar su arma nuclear de una vez por todas\u201d, declar\u00f3 Albanese.<br><\/p>\n\n\n\n<p>Al ser interrogado por un periodista, Carney no descart\u00f3 la participaci\u00f3n del ej\u00e9rcito canadiense en el conflicto.<br><\/p>\n\n\n\n<p>\u201cHa planteado una hip\u00f3tesis fundamental en un conflicto que puede extenderse ampliamente\u201d, dijo Carney. \u201cPor lo tanto, nunca se puede descartar categ\u00f3ricamente la participaci\u00f3n. Apoyaremos a nuestros aliados cuando sea l\u00f3gico\u201d, a\u00f1adi\u00f3.<br><\/p>\n\n\n\n<p>Carney se encuentra en Australia en una visita a tres pa\u00edses centrada en el comercio que comenz\u00f3 en India la semana pasada. Se dirigi\u00f3 al Parlamento australiano el jueves y viajar\u00e1 a Jap\u00f3n el viernes.<\/p>\n","protected":false},"excerpt":{"rendered":"<p>-Sin embargo ambos mandatarios coinciden en que Ir\u00e1n no puede obtener armas nucleares. Los primeros ministros de Canad\u00e1 y Australia pidieron una desescalada de la guerra con Ir\u00e1n, pero a\u00f1adieron que Ir\u00e1n nunca debe obtener un arma nuclear. El canadiense Mark Carney y su hom\u00f3logo australiano, Anthony Albanese, hablaron sobre la guerra durante su reuni\u00f3n [&hellip;]<\/p>\n","protected":false},"author":1,"featured_media":77859,"comment_status":"closed","ping_status":"closed","sticky":false,"template":"","format":"standard","meta":{"footnotes":""},"categories":[83,80,85],"tags":[],"class_list":["post-77855","post","type-post","status-publish","format-standard","has-post-thumbnail","hentry","category-destacado","category-mundo","category-portada"],"_links":{"self":[{"href":"https:\/\/themexicopost.com\/index.php?rest_route=\/wp\/v2\/posts\/77855","targetHints":{"allow":["GET"]}}],"collection":[{"href":"https:\/\/themexicopost.com\/index.php?rest_route=\/wp\/v2\/posts"}],"about":[{"href":"https:\/\/themexicopost.com\/index.php?rest_route=\/wp\/v2\/types\/post"}],"author":[{"embeddable":true,"href":"https:\/\/themexicopost.com\/index.php?rest_route=\/wp\/v2\/users\/1"}],"replies":[{"embeddable":true,"href":"https:\/\/themexicopost.com\/index.php?rest_route=%2Fwp%2Fv2%2Fcomments&post=77855"}],"version-history":[{"count":1,"href":"https:\/\/themexicopost.com\/index.php?rest_route=\/wp\/v2\/posts\/77855\/revisions"}],"predecessor-version":[{"id":77860,"href":"https:\/\/themexicopost.com\/index.php?rest_route=\/wp\/v2\/posts\/77855\/revisions\/77860"}],"wp:featuredmedia":[{"embeddable":true,"href":"https:\/\/themexicopost.com\/index.php?rest_route=\/wp\/v2\/media\/77859"}],"wp:attachment":[{"href":"https:\/\/themexicopost.com\/index.php?rest_route=%2Fwp%2Fv2%2Fmedia&parent=77855"}],"wp:term":[{"taxonomy":"category","embeddable":true,"href":"https:\/\/themexicopost.com\/index.php?rest_route=%2Fwp%2Fv2%2Fcategories&post=77855"},{"taxonomy":"post_tag","embeddable":true,"href":"https:\/\/themexicopost.com\/index.php?rest_route=%2Fwp%2Fv2%2Ftags&post=77855"}],"curies":[{"name":"wp","href":"https:\/\/api.w.org\/{rel}","templated":true}]}}