{"id":77858,"date":"2026-03-06T07:42:03","date_gmt":"2026-03-06T13:42:03","guid":{"rendered":"https:\/\/themexicopost.com\/?p=77858"},"modified":"2026-03-06T07:42:09","modified_gmt":"2026-03-06T13:42:09","slug":"sre-refuerza-la-coordinacion-con-embajadas-en-medio-oriente-evacuan-a-321-mexicanos","status":"publish","type":"post","link":"https:\/\/themexicopost.com\/?p=77858","title":{"rendered":"SRE refuerza la coordinaci\u00f3n con embajadas en Medio Oriente; evac\u00faan a 321 mexicanos"},"content":{"rendered":"\n<figure class=\"wp-block-pullquote\"><blockquote><p>Pidieron mantener y reforzar las medidas de seguridad para proteger tanto al personal diplom\u00e1tico como a los connacionales que permanecen en esos pa\u00edses.<\/p><\/blockquote><\/figure>\n\n\n\n<p class=\"has-drop-cap\">El canciller Juan Ram\u00f3n de la Fuente sostuvo una reuni\u00f3n virtual de trabajo con los embajadores mexicanos en los pa\u00edses del Medio Oriente, para conocer la m\u00e1s reciente actualizaci\u00f3n sobre las condiciones de las y los connacionales que residen o est\u00e1n en tr\u00e1nsito en la regi\u00f3n.<br><\/p>\n\n\n\n<p>El secretario reiter\u00f3 que el fortalecimiento de las medidas de seguridad es prioridad para salvaguardar la integridad f\u00edsica, tanto de nuestros funcionarios diplom\u00e1ticos como la de nuestras y nuestros connacionales.<br><\/p>\n\n\n\n<p>De la Fuente agradeci\u00f3 y reconoci\u00f3 el buen trabajo que nuestro personal diplom\u00e1tico ha realizado con un gran compromiso, ante la situaci\u00f3n que se desarrolla en el Medio Oriente.<br><\/p>\n\n\n\n<p>Asimismo, inst\u00f3 a los titulares de nuestras representaciones a fortalecer la relaci\u00f3n con las autoridades locales, para facilitar las gestiones de evacuaci\u00f3n v\u00eda a\u00e9rea, mar\u00edtima y terrestre en los pa\u00edses donde existan condiciones de seguridad para ello.<br><\/p>\n\n\n\n<p>Se fortalecer\u00e1 el flujo de la informaci\u00f3n que es compartida oportunamente con nuestras y nuestros connacionales, tanto personalmente como a trav\u00e9s de redes locales y medios de contacto ya establecidos y que han mostrado ser eficaces.<br><\/p>\n\n\n\n<p>En la reuni\u00f3n participaron tambi\u00e9n la subsecretaria de Relaciones Exteriores, Mar\u00eda Teresa Mercado; el jefe de Oficina, Roberto de Le\u00f3n; el director general para \u00c1frica, Asia Central y Medio Oriente, An\u00edbal G\u00f3mez; y la directora general de Protecci\u00f3n Consular, Vanessa Calva.<br><\/p>\n\n\n\n<p>Estuvieron presentes los titulares y encargados de negocios de M\u00e9xico en la regi\u00f3n: Guillermo Puente Ordorica, embajador en Ir\u00e1n; Mauricio Escanero Figueroa, embajador en Israel; Luis Alfonso de Alba G\u00f3ngora, embajador en Emiratos \u00c1rabes Unidos; Eduardo Pe\u00f1a Haller, embajador en Kuwait; Guillermo Ordorica Robles, embajador en Qatar; Jacob Prado Gonz\u00e1lez, embajador en Jordania; Francisco Romero Bock, embajador en L\u00edbano; Pedro Blanco P\u00e9rez, titular de la Oficina de Representaci\u00f3n en Palestina; Guillermo Guti\u00e9rrez Nieto, encargado de negocios en Arabia Saudita; y H\u00e9ctor Ortega Nieto, encargado de negocios en Egipto.<\/p>\n","protected":false},"excerpt":{"rendered":"<p>Pidieron mantener y reforzar las medidas de seguridad para proteger tanto al personal diplom\u00e1tico como a los connacionales que permanecen en esos pa\u00edses. El canciller Juan Ram\u00f3n de la Fuente sostuvo una reuni\u00f3n virtual de trabajo con los embajadores mexicanos en los pa\u00edses del Medio Oriente, para conocer la m\u00e1s reciente actualizaci\u00f3n sobre las condiciones [&hellip;]<\/p>\n","protected":false},"author":1,"featured_media":77862,"comment_status":"closed","ping_status":"closed","sticky":false,"template":"","format":"standard","meta":{"footnotes":""},"categories":[83,80,85],"tags":[],"class_list":["post-77858","post","type-post","status-publish","format-standard","has-post-thumbnail","hentry","category-destacado","category-mundo","category-portada"],"_links":{"self":[{"href":"https:\/\/themexicopost.com\/index.php?rest_route=\/wp\/v2\/posts\/77858","targetHints":{"allow":["GET"]}}],"collection":[{"href":"https:\/\/themexicopost.com\/index.php?rest_route=\/wp\/v2\/posts"}],"about":[{"href":"https:\/\/themexicopost.com\/index.php?rest_route=\/wp\/v2\/types\/post"}],"author":[{"embeddable":true,"href":"https:\/\/themexicopost.com\/index.php?rest_route=\/wp\/v2\/users\/1"}],"replies":[{"embeddable":true,"href":"https:\/\/themexicopost.com\/index.php?rest_route=%2Fwp%2Fv2%2Fcomments&post=77858"}],"version-history":[{"count":1,"href":"https:\/\/themexicopost.com\/index.php?rest_route=\/wp\/v2\/posts\/77858\/revisions"}],"predecessor-version":[{"id":77863,"href":"https:\/\/themexicopost.com\/index.php?rest_route=\/wp\/v2\/posts\/77858\/revisions\/77863"}],"wp:featuredmedia":[{"embeddable":true,"href":"https:\/\/themexicopost.com\/index.php?rest_route=\/wp\/v2\/media\/77862"}],"wp:attachment":[{"href":"https:\/\/themexicopost.com\/index.php?rest_route=%2Fwp%2Fv2%2Fmedia&parent=77858"}],"wp:term":[{"taxonomy":"category","embeddable":true,"href":"https:\/\/themexicopost.com\/index.php?rest_route=%2Fwp%2Fv2%2Fcategories&post=77858"},{"taxonomy":"post_tag","embeddable":true,"href":"https:\/\/themexicopost.com\/index.php?rest_route=%2Fwp%2Fv2%2Ftags&post=77858"}],"curies":[{"name":"wp","href":"https:\/\/api.w.org\/{rel}","templated":true}]}}