{"id":77861,"date":"2026-03-06T07:43:16","date_gmt":"2026-03-06T13:43:16","guid":{"rendered":"https:\/\/themexicopost.com\/?p=77861"},"modified":"2026-03-06T07:43:22","modified_gmt":"2026-03-06T13:43:22","slug":"reconecta-cuba-su-red-electrica-tras-largo-apagon","status":"publish","type":"post","link":"https:\/\/themexicopost.com\/?p=77861","title":{"rendered":"Reconecta Cuba su red el\u00e9ctrica tras largo apag\u00f3n"},"content":{"rendered":"\n<figure class=\"wp-block-pullquote\"><blockquote><p>-Dos tercios de la isla estuvieron sin suministro de energ\u00eda m\u00e1s de 20 horas debido a una aver\u00eda que afect\u00f3 a la principal central termoel\u00e9ctrica del pa\u00eds.<\/p><\/blockquote><\/figure>\n\n\n\n<p class=\"has-drop-cap\">Cuba logr\u00f3 reconectar su red el\u00e9ctrica, un d\u00eda despu\u00e9s de un nuevo apag\u00f3n masivo que afect\u00f3 a dos tercios de la isla, incluida La Habana, anunci\u00f3 el Ministerio de Energ\u00eda y Minas. Si bien el centro y el oeste del pa\u00eds recuperaron el servicio, todav\u00eda amplias zonas del pa\u00eds segu\u00edan sin poder acceder al suministro el\u00e9ctrico, tras m\u00e1s de 20 horas.<br><\/p>\n\n\n\n<p>Informaron que el sistema el\u00e9ctrico qued\u00f3 interconectado desde Guant\u00e1namo hasta Pinar del R\u00edo, provincias en los extremos este y oeste de la isla, inform\u00f3 el ministerio en X.<br><\/p>\n\n\n\n<p>&#8220;Contin\u00faa la incorporaci\u00f3n de unidades de generaci\u00f3n (el\u00e9ctrica)&#8221; para que la corriente siga llegando a la poblaci\u00f3n, precis\u00f3 el gobierno. El corte afect\u00f3 a unas 6 millones de personas.<br><\/p>\n\n\n\n<p>Seg\u00fan las primeras informaciones, una aver\u00eda provoc\u00f3 una desconexi\u00f3n inesperada de la central termoel\u00e9ctrica Antonio Guiteras, la principal de la isla. La estatal Uni\u00f3n El\u00e9ctrica (UNE) explic\u00f3 que el encendido de varias centrales t\u00e9rmicas ha llevado al sistema a poder generar a primera hora de la ma\u00f1ana 590 megavatios, una cantidad que cubre una fracci\u00f3n de las necesidades del pa\u00eds.<br><\/p>\n\n\n\n<p>La red el\u00e9ctrica cubana sufre regularmente cortes de suministro debido al envejecimiento de la infraestructura y la escasez de combustible. La isla de 9,6 millones de habitantes ha experimentado cinco apagones generalizados desde finales de 2024. Adem\u00e1s, los cubanos soportan a diario largu\u00edsimos cortes programados.<br><\/p>\n\n\n\n<p>La capital cubana ha tenido en los \u00faltimos d\u00edas cortes de m\u00e1s de 15 horas, que en las provincias pueden prolongarse por m\u00e1s de un d\u00eda.<br><\/p>\n\n\n\n<p>Los apagones se han agravado desde que la administraci\u00f3n de Donald Trump impuso un bloqueo energ\u00e9tico de facto tras el derrocamiento del mandatario venezolano Nicol\u00e1s Maduro, aliado de La Habana, y el cese, bajo presi\u00f3n de Washington, de los env\u00edos de petr\u00f3leo desde Caracas a la isla de gobierno comunista, lo que ha obligado a La Habana a adoptar dr\u00e1sticas medidas de ahorro.<\/p>\n","protected":false},"excerpt":{"rendered":"<p>-Dos tercios de la isla estuvieron sin suministro de energ\u00eda m\u00e1s de 20 horas debido a una aver\u00eda que afect\u00f3 a la principal central termoel\u00e9ctrica del pa\u00eds. Cuba logr\u00f3 reconectar su red el\u00e9ctrica, un d\u00eda despu\u00e9s de un nuevo apag\u00f3n masivo que afect\u00f3 a dos tercios de la isla, incluida La Habana, anunci\u00f3 el Ministerio [&hellip;]<\/p>\n","protected":false},"author":1,"featured_media":77865,"comment_status":"closed","ping_status":"closed","sticky":false,"template":"","format":"standard","meta":{"footnotes":""},"categories":[83,80,85],"tags":[],"class_list":["post-77861","post","type-post","status-publish","format-standard","has-post-thumbnail","hentry","category-destacado","category-mundo","category-portada"],"_links":{"self":[{"href":"https:\/\/themexicopost.com\/index.php?rest_route=\/wp\/v2\/posts\/77861","targetHints":{"allow":["GET"]}}],"collection":[{"href":"https:\/\/themexicopost.com\/index.php?rest_route=\/wp\/v2\/posts"}],"about":[{"href":"https:\/\/themexicopost.com\/index.php?rest_route=\/wp\/v2\/types\/post"}],"author":[{"embeddable":true,"href":"https:\/\/themexicopost.com\/index.php?rest_route=\/wp\/v2\/users\/1"}],"replies":[{"embeddable":true,"href":"https:\/\/themexicopost.com\/index.php?rest_route=%2Fwp%2Fv2%2Fcomments&post=77861"}],"version-history":[{"count":1,"href":"https:\/\/themexicopost.com\/index.php?rest_route=\/wp\/v2\/posts\/77861\/revisions"}],"predecessor-version":[{"id":77866,"href":"https:\/\/themexicopost.com\/index.php?rest_route=\/wp\/v2\/posts\/77861\/revisions\/77866"}],"wp:featuredmedia":[{"embeddable":true,"href":"https:\/\/themexicopost.com\/index.php?rest_route=\/wp\/v2\/media\/77865"}],"wp:attachment":[{"href":"https:\/\/themexicopost.com\/index.php?rest_route=%2Fwp%2Fv2%2Fmedia&parent=77861"}],"wp:term":[{"taxonomy":"category","embeddable":true,"href":"https:\/\/themexicopost.com\/index.php?rest_route=%2Fwp%2Fv2%2Fcategories&post=77861"},{"taxonomy":"post_tag","embeddable":true,"href":"https:\/\/themexicopost.com\/index.php?rest_route=%2Fwp%2Fv2%2Ftags&post=77861"}],"curies":[{"name":"wp","href":"https:\/\/api.w.org\/{rel}","templated":true}]}}