{"id":77864,"date":"2026-03-06T07:45:10","date_gmt":"2026-03-06T13:45:10","guid":{"rendered":"https:\/\/themexicopost.com\/?p=77864"},"modified":"2026-03-06T07:45:14","modified_gmt":"2026-03-06T13:45:14","slug":"se-alista-la-primera-negociacion-entre-eua-y-mexico-antes-de-revisar-el-t-mec","status":"publish","type":"post","link":"https:\/\/themexicopost.com\/?p=77864","title":{"rendered":"SE ALISTA LA PRIMERA NEGOCIACI\u00d3N ENTRE EUA Y M\u00c9XICO ANTES DE REVISAR EL T-MEC"},"content":{"rendered":"\n<figure class=\"wp-block-pullquote\"><blockquote><p>-Estados Unidos ha resaltado la necesidad de reducir la dependencia de las importaciones de fuera de la regi\u00f3n.<\/p><\/blockquote><\/figure>\n\n\n\n<p class=\"has-drop-cap\">El representante comercial de Estados Unidos, Jamieson Greer, y el secretario de Econom\u00eda de M\u00e9xico, Marcelo Ebrard, anunciaron la primera ronda de conversaciones bilaterales en preparaci\u00f3n para la Revisi\u00f3n Conjunta del Tratado entre Estados Unidos, M\u00e9xico y Canad\u00e1 (T-MEC).<br><\/p>\n\n\n\n<p>Estados Unidos inform\u00f3 que ambos funcionarios instruyeron a los negociadores a iniciar una discusi\u00f3n preliminar sobre las medidas necesarias para garantizar que los beneficios del acuerdo beneficien principalmente a las partes.<br><\/p>\n\n\n\n<p>El comunicado resalt\u00f3 la necesidad de reducir la dependencia de las importaciones de fuera de la regi\u00f3n, el fortalecimiento de las normas de origen y la mejora de la seguridad de las cadenas de suministro de Am\u00e9rica del Norte.<br><\/p>\n\n\n\n<figure class=\"wp-block-image size-large\"><img fetchpriority=\"high\" decoding=\"async\" width=\"1024\" height=\"684\" src=\"https:\/\/themexicopost.com\/wp-content\/uploads\/2026\/03\/SE-ALISTA-2-1024x684.jpg\" alt=\"\" class=\"wp-image-77869\" srcset=\"https:\/\/themexicopost.com\/wp-content\/uploads\/2026\/03\/SE-ALISTA-2-1024x684.jpg 1024w, https:\/\/themexicopost.com\/wp-content\/uploads\/2026\/03\/SE-ALISTA-2-300x201.jpg 300w, https:\/\/themexicopost.com\/wp-content\/uploads\/2026\/03\/SE-ALISTA-2-768x513.jpg 768w, https:\/\/themexicopost.com\/wp-content\/uploads\/2026\/03\/SE-ALISTA-2.jpg 1200w\" sizes=\"(max-width: 1024px) 100vw, 1024px\" \/><\/figure>\n\n\n\n<p>Los ministros esperan que los negociadores celebren la primera reuni\u00f3n la semana del 16 de marzo y se re\u00fanan regularmente a partir de entonces como parte de la Revisi\u00f3n Conjunta.<br><\/p>\n\n\n\n<p>El secretario de Econom\u00eda, Marcelo Ebrard, confirm\u00f3 que el proceso de revisi\u00f3n ya est\u00e1 en marcha minutos despu\u00e9s de Greer.<br><\/p>\n\n\n\n<p>El presidente del Consejo Coordinador Empresarial (CCE), Jos\u00e9 Medina Mora Icaza, realiz\u00f3 una gira de trabajo en Washington, D.C., para fortalecer el di\u00e1logo con autoridades y organizaciones empresariales de Estados Unidos de cara a la pr\u00f3xima revisi\u00f3n del Tratado entre M\u00e9xico, Estados Unidos y Canad\u00e1 (TMEC).<br><\/p>\n\n\n\n<figure class=\"wp-block-image size-large\"><img decoding=\"async\" width=\"1024\" height=\"684\" src=\"https:\/\/themexicopost.com\/wp-content\/uploads\/2026\/03\/SE-ALISTA-56-1024x684.jpg\" alt=\"\" class=\"wp-image-77870\" srcset=\"https:\/\/themexicopost.com\/wp-content\/uploads\/2026\/03\/SE-ALISTA-56-1024x684.jpg 1024w, https:\/\/themexicopost.com\/wp-content\/uploads\/2026\/03\/SE-ALISTA-56-300x201.jpg 300w, https:\/\/themexicopost.com\/wp-content\/uploads\/2026\/03\/SE-ALISTA-56-768x513.jpg 768w, https:\/\/themexicopost.com\/wp-content\/uploads\/2026\/03\/SE-ALISTA-56.jpg 1200w\" sizes=\"(max-width: 1024px) 100vw, 1024px\" \/><\/figure>\n\n\n\n<p>Durante la visita el dirigente empresarial sostuvo reuniones con funcionarios de los departamentos de Comercio, Estado, Tesoro y Trabajo, as\u00ed como de la Oficina del Representante Comercial de Estados Unidos.<br><\/p>\n\n\n\n<p>Tambi\u00e9n se reuni\u00f3 con integrantes de comit\u00e9s clave del Senado y la C\u00e1mara de Representantes, adem\u00e1s de l\u00edderes de organizaciones empresariales y centros de an\u00e1lisis.<br><\/p>\n\n\n\n<p>El CCE inform\u00f3 que durante los encuentros se destac\u00f3 la relevancia de M\u00e9xico como socio comercial estrat\u00e9gico de Estados Unidos.<br><\/p>\n\n\n\n<figure class=\"wp-block-image size-large\"><img decoding=\"async\" width=\"1024\" height=\"684\" src=\"https:\/\/themexicopost.com\/wp-content\/uploads\/2026\/03\/SE-ALISTA-4-1024x684.jpg\" alt=\"\" class=\"wp-image-77871\" srcset=\"https:\/\/themexicopost.com\/wp-content\/uploads\/2026\/03\/SE-ALISTA-4-1024x684.jpg 1024w, https:\/\/themexicopost.com\/wp-content\/uploads\/2026\/03\/SE-ALISTA-4-300x201.jpg 300w, https:\/\/themexicopost.com\/wp-content\/uploads\/2026\/03\/SE-ALISTA-4-768x513.jpg 768w, https:\/\/themexicopost.com\/wp-content\/uploads\/2026\/03\/SE-ALISTA-4.jpg 1200w\" sizes=\"(max-width: 1024px) 100vw, 1024px\" \/><\/figure>\n\n\n\n<p>Expuso que M\u00e9xico es el principal mercado de exportaci\u00f3n para 24 industrias estadounidenses y el primer o segundo destino exportador para 26 estados de ese pa\u00eds.<br><\/p>\n\n\n\n<p>El comercio trilateral entre M\u00e9xico, Estados Unidos y Canad\u00e1 genera m\u00e1s de 13 millones de empleos en territorio estadounidense.<br><\/p>\n\n\n\n<p>En las reuniones, representantes empresariales de ambos pa\u00edses coincidieron en la importancia de mantener la integraci\u00f3n econ\u00f3mica regional en el contexto de la revisi\u00f3n del T-MEC.<\/p>\n\n\n\n<figure class=\"wp-block-image size-large\"><img loading=\"lazy\" decoding=\"async\" width=\"1024\" height=\"684\" src=\"https:\/\/themexicopost.com\/wp-content\/uploads\/2026\/03\/SE-ALISTA-3-1024x684.jpg\" alt=\"\" class=\"wp-image-77872\" srcset=\"https:\/\/themexicopost.com\/wp-content\/uploads\/2026\/03\/SE-ALISTA-3-1024x684.jpg 1024w, https:\/\/themexicopost.com\/wp-content\/uploads\/2026\/03\/SE-ALISTA-3-300x201.jpg 300w, https:\/\/themexicopost.com\/wp-content\/uploads\/2026\/03\/SE-ALISTA-3-768x513.jpg 768w, https:\/\/themexicopost.com\/wp-content\/uploads\/2026\/03\/SE-ALISTA-3.jpg 1200w\" sizes=\"(max-width: 1024px) 100vw, 1024px\" \/><\/figure>\n","protected":false},"excerpt":{"rendered":"<p>-Estados Unidos ha resaltado la necesidad de reducir la dependencia de las importaciones de fuera de la regi\u00f3n.<\/p>\n","protected":false},"author":1,"featured_media":77868,"comment_status":"closed","ping_status":"closed","sticky":false,"template":"","format":"standard","meta":{"footnotes":""},"categories":[83,80,81,85],"tags":[],"class_list":["post-77864","post","type-post","status-publish","format-standard","has-post-thumbnail","hentry","category-destacado","category-mundo","category-nacional","category-portada"],"_links":{"self":[{"href":"https:\/\/themexicopost.com\/index.php?rest_route=\/wp\/v2\/posts\/77864","targetHints":{"allow":["GET"]}}],"collection":[{"href":"https:\/\/themexicopost.com\/index.php?rest_route=\/wp\/v2\/posts"}],"about":[{"href":"https:\/\/themexicopost.com\/index.php?rest_route=\/wp\/v2\/types\/post"}],"author":[{"embeddable":true,"href":"https:\/\/themexicopost.com\/index.php?rest_route=\/wp\/v2\/users\/1"}],"replies":[{"embeddable":true,"href":"https:\/\/themexicopost.com\/index.php?rest_route=%2Fwp%2Fv2%2Fcomments&post=77864"}],"version-history":[{"count":1,"href":"https:\/\/themexicopost.com\/index.php?rest_route=\/wp\/v2\/posts\/77864\/revisions"}],"predecessor-version":[{"id":77873,"href":"https:\/\/themexicopost.com\/index.php?rest_route=\/wp\/v2\/posts\/77864\/revisions\/77873"}],"wp:featuredmedia":[{"embeddable":true,"href":"https:\/\/themexicopost.com\/index.php?rest_route=\/wp\/v2\/media\/77868"}],"wp:attachment":[{"href":"https:\/\/themexicopost.com\/index.php?rest_route=%2Fwp%2Fv2%2Fmedia&parent=77864"}],"wp:term":[{"taxonomy":"category","embeddable":true,"href":"https:\/\/themexicopost.com\/index.php?rest_route=%2Fwp%2Fv2%2Fcategories&post=77864"},{"taxonomy":"post_tag","embeddable":true,"href":"https:\/\/themexicopost.com\/index.php?rest_route=%2Fwp%2Fv2%2Ftags&post=77864"}],"curies":[{"name":"wp","href":"https:\/\/api.w.org\/{rel}","templated":true}]}}