{"id":77875,"date":"2026-03-06T16:37:03","date_gmt":"2026-03-06T22:37:03","guid":{"rendered":"https:\/\/themexicopost.com\/?p=77875"},"modified":"2026-03-06T16:37:05","modified_gmt":"2026-03-06T22:37:05","slug":"zapatero-respalda-a-pedro-sanchez-y-destaca-su-postura-frente-a-trump","status":"publish","type":"post","link":"https:\/\/themexicopost.com\/?p=77875","title":{"rendered":"Zapatero respalda a Pedro S\u00e1nchez y destaca su postura frente a Trump"},"content":{"rendered":"\n<p>El expresidente del Gobierno de Espa\u00f1a, Jos\u00e9 Luis Rodr\u00edguez Zapatero, expres\u00f3 su respaldo al actual presidente Pedro S\u00e1nchez al referirse a su postura frente al expresidente de Estados Unidos, Donald Trump, en el contexto de debates pol\u00edticos recientes.<\/p>\n\n\n\n<p>Zapatero se\u00f1al\u00f3 que, desde su perspectiva, es necesario actuar con valent\u00eda y sentido de responsabilidad para defender la autonom\u00eda pol\u00edtica de Espa\u00f1a en el \u00e1mbito internacional.<\/p>\n\n\n\n<p>Durante sus declaraciones, el exmandatario afirm\u00f3 que \u201chay que ser valiente y patriota para decirle a Trump \u2018no, en Espa\u00f1a manda el Gobierno de Espa\u00f1a\u2019\u201d, destacando lo que consider\u00f3 una actitud firme por parte del actual gobierno.<\/p>\n\n\n\n<p>Las palabras del expresidente se producen en medio de discusiones pol\u00edticas sobre la relaci\u00f3n de Espa\u00f1a con actores internacionales y el papel del pa\u00eds dentro del escenario global.<\/p>\n\n\n\n<p>Hasta el momento, las declaraciones han generado diversas reacciones dentro del \u00e1mbito pol\u00edtico y medi\u00e1tico en Espa\u00f1a.<\/p>\n","protected":false},"excerpt":{"rendered":"<p>El expresidente del Gobierno de Espa\u00f1a, Jos\u00e9 Luis Rodr\u00edguez Zapatero, expres\u00f3 su respaldo al actual presidente Pedro S\u00e1nchez al referirse a su postura frente al expresidente de Estados Unidos, Donald Trump, en el contexto de debates pol\u00edticos recientes. Zapatero se\u00f1al\u00f3 que, desde su perspectiva, es necesario actuar con valent\u00eda y sentido de responsabilidad para defender [&hellip;]<\/p>\n","protected":false},"author":2,"featured_media":77876,"comment_status":"closed","ping_status":"closed","sticky":false,"template":"","format":"standard","meta":{"footnotes":""},"categories":[80],"tags":[],"class_list":["post-77875","post","type-post","status-publish","format-standard","has-post-thumbnail","hentry","category-mundo"],"_links":{"self":[{"href":"https:\/\/themexicopost.com\/index.php?rest_route=\/wp\/v2\/posts\/77875","targetHints":{"allow":["GET"]}}],"collection":[{"href":"https:\/\/themexicopost.com\/index.php?rest_route=\/wp\/v2\/posts"}],"about":[{"href":"https:\/\/themexicopost.com\/index.php?rest_route=\/wp\/v2\/types\/post"}],"author":[{"embeddable":true,"href":"https:\/\/themexicopost.com\/index.php?rest_route=\/wp\/v2\/users\/2"}],"replies":[{"embeddable":true,"href":"https:\/\/themexicopost.com\/index.php?rest_route=%2Fwp%2Fv2%2Fcomments&post=77875"}],"version-history":[{"count":1,"href":"https:\/\/themexicopost.com\/index.php?rest_route=\/wp\/v2\/posts\/77875\/revisions"}],"predecessor-version":[{"id":77877,"href":"https:\/\/themexicopost.com\/index.php?rest_route=\/wp\/v2\/posts\/77875\/revisions\/77877"}],"wp:featuredmedia":[{"embeddable":true,"href":"https:\/\/themexicopost.com\/index.php?rest_route=\/wp\/v2\/media\/77876"}],"wp:attachment":[{"href":"https:\/\/themexicopost.com\/index.php?rest_route=%2Fwp%2Fv2%2Fmedia&parent=77875"}],"wp:term":[{"taxonomy":"category","embeddable":true,"href":"https:\/\/themexicopost.com\/index.php?rest_route=%2Fwp%2Fv2%2Fcategories&post=77875"},{"taxonomy":"post_tag","embeddable":true,"href":"https:\/\/themexicopost.com\/index.php?rest_route=%2Fwp%2Fv2%2Ftags&post=77875"}],"curies":[{"name":"wp","href":"https:\/\/api.w.org\/{rel}","templated":true}]}}