{"id":77883,"date":"2026-03-09T07:55:32","date_gmt":"2026-03-09T13:55:32","guid":{"rendered":"https:\/\/themexicopost.com\/?p=77883"},"modified":"2026-03-09T07:55:41","modified_gmt":"2026-03-09T13:55:41","slug":"el-ballet-y-la-opera-no-estan-muertos-senala-alondra-de-la-parra","status":"publish","type":"post","link":"https:\/\/themexicopost.com\/?p=77883","title":{"rendered":"&#8220;El ballet y la \u00f3pera no est\u00e1n muertos&#8221;, se\u00f1ala Alondra de la Parra"},"content":{"rendered":"\n<figure class=\"wp-block-pullquote\"><blockquote><p>-La reconocida directora de orquesta mexicana, Alondra de la Parra respondi\u00f3 a Timoth\u00e9e Chalamet tras sus cr\u00edticas al ballet y la \u00f3pera.<\/p><\/blockquote><\/figure>\n\n\n\n<p class=\"has-drop-cap\">La directora de orquesta mexicana Alondra de la Parra se ha vuelto tendencia tras emitir una respuesta firme y elegante a las recientes declaraciones del actor Timoth\u00e9e Chalamet, quien cuestion\u00f3 la relevancia actual del ballet y la \u00f3pera.<br><\/p>\n\n\n\n<p>El protagonista de Dune sugiri\u00f3 que estas disciplinas son esfuerzos por mantener vivo algo que ya a nadie le importa.<br><\/p>\n\n\n\n<p>Ante esto, De la Parra, actual Directora Art\u00edstica de la Orquesta y Coro de la Comunidad de Madrid (ORCAM), utiliz\u00f3 sus plataformas oficiales en Instagram y TikTok para demostrar, con datos y batuta en mano, que la m\u00fasica cl\u00e1sica vive un momento de expansi\u00f3n y vitalidad sin precedentes.<br><\/p>\n\n\n\n<p>Durante una entrevista entre Chalamet y el actor Matthew McConaughey, al discutir sus intereses profesionales, el joven actor fue tajante al descartar proyectos de danza cl\u00e1sica o canto l\u00edrico.<br><\/p>\n\n\n\n<p>&#8220;No quiero trabajar en ballet, ni en \u00f3pera\u2026 donde es como: Oye, mant\u00e9n esto vivo, aunque ya a nadie le importe esto&#8221;.<br><\/p>\n\n\n\n<p>A pesar de que Chalamet intent\u00f3 matizar sus comentarios posteriormente, la reacci\u00f3n de la comunidad art\u00edstica internacional fue inmediata. Instituciones de la talla del Metropolitan Opera de Nueva York y la \u00d3pera de Viena manifestaron su desacuerdo, pero fue la respuesta de la mexicana Alondra de la Parra la que logr\u00f3 mayor impacto por su enfoque creativo y pedag\u00f3gico.<br><\/p>\n\n\n\n<p>Grabando desde el Auditorio Nacional de M\u00fasica de Madrid, De la Parra dirigi\u00f3 un mensaje directo al actor antes de comenzar un ensayo de la Sinfon\u00eda No. 1 de Gustav Mahler, conocida como \u201cTit\u00e1n\u201d. Con un tono que mezcl\u00f3 la autoridad profesional con el sarcasmo, la directora invit\u00f3 a Chalamet a reconsiderar su postura.<br><\/p>\n\n\n\n<p>\u201cOye, Timoth\u00e9e, lamento que no quieras ser parte de esto. Quiz\u00e1s quieras reconsiderarlo\u2026 no estamos intentando mantenerlo vivo. Est\u00e1 muy vivo\u201d, sentenci\u00f3 la directora antes de dar la entrada a su orquesta.<br><\/p>\n\n\n\n<p>Adem\u00e1s de este mensaje, De la Parra public\u00f3 un segundo video con tono humor\u00edstico donde bromeaba saliendo de una puerta estrecha, comentando ir\u00f3nicamente que los m\u00fasicos cl\u00e1sicos estaban tan \u201cmuertos\u201d que ten\u00edan que salir de sus propios \u201cata\u00fades\u201d.<br><\/p>\n\n\n\n<p>La directora enfatiz\u00f3 que, a diferencia de la industria cinematogr\u00e1fica donde Chalamet se desempe\u00f1a, la m\u00fasica orquestal carece de trucos tecnol\u00f3gicos. En el escenario, explic\u00f3, no existen las segundas tomas, la edici\u00f3n digital, los efectos especiales ni el maquillaje que oculte errores; el resultado depende exclusivamente de la disciplina, el aliento y el amor por el arte en tiempo real.<br><\/p>\n\n\n\n<p>Uno de los puntos m\u00e1s agudos de la respuesta de De la Parra fue el recordatorio del legado familiar del actor. Timoth\u00e9e Chalamet proviene de una familia profundamente ligada a la danza: su abuela, su madre y su hermana han tenido v\u00ednculos profesionales con el prestigioso New York City Ballet.<\/p>\n","protected":false},"excerpt":{"rendered":"<p>-La reconocida directora de orquesta mexicana, Alondra de la Parra respondi\u00f3 a Timoth\u00e9e Chalamet tras sus cr\u00edticas al ballet y la \u00f3pera. La directora de orquesta mexicana Alondra de la Parra se ha vuelto tendencia tras emitir una respuesta firme y elegante a las recientes declaraciones del actor Timoth\u00e9e Chalamet, quien cuestion\u00f3 la relevancia actual [&hellip;]<\/p>\n","protected":false},"author":1,"featured_media":77888,"comment_status":"closed","ping_status":"closed","sticky":false,"template":"","format":"standard","meta":{"footnotes":""},"categories":[83,78],"tags":[],"class_list":["post-77883","post","type-post","status-publish","format-standard","has-post-thumbnail","hentry","category-destacado","category-espectaculos"],"_links":{"self":[{"href":"https:\/\/themexicopost.com\/index.php?rest_route=\/wp\/v2\/posts\/77883","targetHints":{"allow":["GET"]}}],"collection":[{"href":"https:\/\/themexicopost.com\/index.php?rest_route=\/wp\/v2\/posts"}],"about":[{"href":"https:\/\/themexicopost.com\/index.php?rest_route=\/wp\/v2\/types\/post"}],"author":[{"embeddable":true,"href":"https:\/\/themexicopost.com\/index.php?rest_route=\/wp\/v2\/users\/1"}],"replies":[{"embeddable":true,"href":"https:\/\/themexicopost.com\/index.php?rest_route=%2Fwp%2Fv2%2Fcomments&post=77883"}],"version-history":[{"count":1,"href":"https:\/\/themexicopost.com\/index.php?rest_route=\/wp\/v2\/posts\/77883\/revisions"}],"predecessor-version":[{"id":77889,"href":"https:\/\/themexicopost.com\/index.php?rest_route=\/wp\/v2\/posts\/77883\/revisions\/77889"}],"wp:featuredmedia":[{"embeddable":true,"href":"https:\/\/themexicopost.com\/index.php?rest_route=\/wp\/v2\/media\/77888"}],"wp:attachment":[{"href":"https:\/\/themexicopost.com\/index.php?rest_route=%2Fwp%2Fv2%2Fmedia&parent=77883"}],"wp:term":[{"taxonomy":"category","embeddable":true,"href":"https:\/\/themexicopost.com\/index.php?rest_route=%2Fwp%2Fv2%2Fcategories&post=77883"},{"taxonomy":"post_tag","embeddable":true,"href":"https:\/\/themexicopost.com\/index.php?rest_route=%2Fwp%2Fv2%2Ftags&post=77883"}],"curies":[{"name":"wp","href":"https:\/\/api.w.org\/{rel}","templated":true}]}}