{"id":7794,"date":"2023-04-03T15:19:30","date_gmt":"2023-04-03T15:19:30","guid":{"rendered":"https:\/\/themexicopost.com\/?p=7794"},"modified":"2023-04-03T15:19:31","modified_gmt":"2023-04-03T15:19:31","slug":"baja-natalidad-en-japon-obliga-a-poner-en-marcha-nuevo-plan","status":"publish","type":"post","link":"https:\/\/themexicopost.com\/?p=7794","title":{"rendered":"Baja natalidad en Jap\u00f3n obliga a poner en marcha nuevo plan"},"content":{"rendered":"\n<figure class=\"wp-block-pullquote\"><blockquote><p>La propuesta incluye el apoyo a las familias monoparentales, mayores ayudas econ\u00f3micas y y m\u00e1s amplio acceso a los servicios de guarder\u00eda, entre otras medidas.<\/p><\/blockquote><\/figure>\n\n\n\n<p class=\"has-drop-cap wp-block-paragraph\">El gobierno japon\u00e9s present\u00f3 el viernes un nuevo plan para invertir la tendencia a la baja de la natalidad en el pa\u00eds, informa The Japan Times.<br><\/p>\n\n\n\n<p class=\"wp-block-paragraph\">La propuesta, anunciada por Masanobu Ogura, ministro encargado de las pol\u00edticas para la infancia, incluye el apoyo a las familias monoparentales, mayores ayudas econ\u00f3micas, pr\u00e9stamos estudiantiles m\u00e1s generosos para la ense\u00f1anza superior y mayor acceso a los servicios de guarder\u00eda, entre otras medidas.<br><\/p>\n\n\n\n<p class=\"wp-block-paragraph\">En 2022, el n\u00famero de beb\u00e9s nacidos en Jap\u00f3n cay\u00f3 por debajo de los 800.000 por primera vez desde 1899, a\u00f1o cuando el Gobierno empez\u00f3 a recopilar los datos de natalidad. Concretamente, en 2022 en el pa\u00eds nacieron 799.728 ni\u00f1os, lo que no solamente representa una ca\u00edda del 5,1 % frente a 2021, sino que marca el s\u00e9ptimo a\u00f1o de m\u00ednimos hist\u00f3ricos.<br><\/p>\n\n\n\n<p class=\"wp-block-paragraph\">A la ca\u00edda de los nacimientos se suma un aumento en el n\u00famero de defunciones. As\u00ed, el a\u00f1o pasado se contabilizaron 1,58 millones de decesos, un 8,9 % m\u00e1s que los registrados en 2021.<br><\/p>\n\n\n\n<p class=\"wp-block-paragraph\">Para combatir este desaf\u00edo, el Gobierno crear\u00e1 un nuevo panel encabezado por el primer ministro japon\u00e9s, Fumio Kishida, que debatir\u00e1 cuestiones sobre pol\u00edticas infantiles, recoge Nikkei Asia.<br><\/p>\n\n\n\n<p class=\"wp-block-paragraph\">Asimismo, se pondr\u00e1 en marcha la Agencia para la Infancia y la Familia, que planea reducir la carga financiera del parto y reforzar las prestaciones econ\u00f3micas a las familias, para que la crianza de los hijos no suponga un problema financiero. Se informa que Masanobu Ogura ser\u00e1 el funcionario del Gabinete responsable de la agencia.<br><\/p>\n\n\n\n<p class=\"wp-block-paragraph\">As\u00ed, los padres podr\u00e1n obtener un subsidio de 100.000 yenes (alrededor de 750 d\u00f3lares) por cada reci\u00e9n nacido. Adem\u00e1s, el subsidio \u00fanico por nacimiento aumentar\u00e1 de 420.000 a 500.000 yenes (m\u00e1s de 3.700 d\u00f3lares).<br><\/p>\n\n\n\n<p class=\"wp-block-paragraph\">Al mismo tiempo, el gobierno central dejar\u00e1 de reducir las subvenciones a los gobiernos municipales que ofrecen atenci\u00f3n m\u00e9dica gratuita a los ni\u00f1os en edad escolar primaria y superior.<br><\/p>\n\n\n\n<p class=\"wp-block-paragraph\">Entretanto, el plan prev\u00e9 la posibilidad de que los almuerzos escolares sean gratuitos. Tambi\u00e9n se propone reforzar las ayudas a las empresas que emplean a familias monoparentales e introducir otros beneficios como la reducci\u00f3n del periodo de cualificaci\u00f3n.<br><\/p>\n\n\n\n<p class=\"wp-block-paragraph\">&#8220;Creo que nuestro pa\u00eds debe aspirar a una sociedad en la que los j\u00f3venes y los que se dedican a la crianza de los hijos puedan sentir directamente la alegr\u00eda de cuidar a los ni\u00f1os sin sentirse ansiosos por diversas cosas&#8221;, dijo Ogura en una rueda de prensa.<br><\/p>\n\n\n\n<p class=\"wp-block-paragraph\">No obstante, los cr\u00edticos del plan observaron que la administraci\u00f3n del primer ministro evita aclarar hasta qu\u00e9 punto aumentar\u00eda los impuestos para financiar el presupuesto de tales medidas.<\/p>\n","protected":false},"excerpt":{"rendered":"<p>La propuesta incluye el apoyo a las familias monoparentales, mayores ayudas econ\u00f3micas y y m\u00e1s amplio acceso a los servicios de guarder\u00eda, entre otras medidas. El gobierno japon\u00e9s present\u00f3 el viernes un nuevo plan para invertir la tendencia a la baja de la natalidad en el pa\u00eds, informa The Japan Times. La propuesta, anunciada por [&hellip;]<\/p>\n","protected":false},"author":1,"featured_media":7795,"comment_status":"closed","ping_status":"closed","sticky":false,"template":"","format":"standard","meta":{"footnotes":""},"categories":[80],"tags":[],"class_list":["post-7794","post","type-post","status-publish","format-standard","has-post-thumbnail","hentry","category-mundo"],"_links":{"self":[{"href":"https:\/\/themexicopost.com\/index.php?rest_route=\/wp\/v2\/posts\/7794","targetHints":{"allow":["GET"]}}],"collection":[{"href":"https:\/\/themexicopost.com\/index.php?rest_route=\/wp\/v2\/posts"}],"about":[{"href":"https:\/\/themexicopost.com\/index.php?rest_route=\/wp\/v2\/types\/post"}],"author":[{"embeddable":true,"href":"https:\/\/themexicopost.com\/index.php?rest_route=\/wp\/v2\/users\/1"}],"replies":[{"embeddable":true,"href":"https:\/\/themexicopost.com\/index.php?rest_route=%2Fwp%2Fv2%2Fcomments&post=7794"}],"version-history":[{"count":1,"href":"https:\/\/themexicopost.com\/index.php?rest_route=\/wp\/v2\/posts\/7794\/revisions"}],"predecessor-version":[{"id":7796,"href":"https:\/\/themexicopost.com\/index.php?rest_route=\/wp\/v2\/posts\/7794\/revisions\/7796"}],"wp:featuredmedia":[{"embeddable":true,"href":"https:\/\/themexicopost.com\/index.php?rest_route=\/wp\/v2\/media\/7795"}],"wp:attachment":[{"href":"https:\/\/themexicopost.com\/index.php?rest_route=%2Fwp%2Fv2%2Fmedia&parent=7794"}],"wp:term":[{"taxonomy":"category","embeddable":true,"href":"https:\/\/themexicopost.com\/index.php?rest_route=%2Fwp%2Fv2%2Fcategories&post=7794"},{"taxonomy":"post_tag","embeddable":true,"href":"https:\/\/themexicopost.com\/index.php?rest_route=%2Fwp%2Fv2%2Ftags&post=7794"}],"curies":[{"name":"wp","href":"https:\/\/api.w.org\/{rel}","templated":true}]}}