{"id":77942,"date":"2026-03-09T08:39:05","date_gmt":"2026-03-09T14:39:05","guid":{"rendered":"https:\/\/themexicopost.com\/?p=77942"},"modified":"2026-03-09T08:39:07","modified_gmt":"2026-03-09T14:39:07","slug":"iran-lo-hace-oficial-nombra-a-mojtaba-jamenei-como-nuevo-lider-supremo","status":"publish","type":"post","link":"https:\/\/themexicopost.com\/?p=77942","title":{"rendered":"Ir\u00e1n lo hace oficial: nombra a Mojtaba Jamenei como nuevo l\u00edder supremo"},"content":{"rendered":"\n<figure class=\"wp-block-pullquote\"><blockquote><p>-Estados Unidos advierte que el nuevo l\u00edder &#8220;no va a durar mucho&#8221; sin su aprobaci\u00f3n.<\/p><\/blockquote><\/figure>\n\n\n\n<p class=\"has-drop-cap\">Mojtaba Jamenei fue elegido como el gu\u00eda supremo iran\u00ed para suceder a su padre Al\u00ed Jamenei, abatido el primer d\u00eda del ataque lanzado por Estados Unidos e Israel contra el r\u00e9gimen isl\u00e1mico de Ir\u00e1n el 28 de febrero.<br><\/p>\n\n\n\n<p>El ayatol\u00e1 es presentado como tercer gu\u00eda del sagrado sistema de la Rep\u00fablica Isl\u00e1mica de Ir\u00e1n, sobre la base de un voto decisivo de los respetados miembros de la Asamblea de Expertos, indic\u00f3 el organismo en un comunicado difundido por medios iran\u00edes.<br><\/p>\n\n\n\n<p>La asamblea no dud\u00f3 ni un minuto en elegir a Mojtaba Jamenei, a pesar de la brutal agresi\u00f3n criminal de Estados Unidos y del malvado r\u00e9gimen sionista.<br><\/p>\n\n\n\n<p>Estados Unidos advierte que el nuevo l\u00edder &#8220;no va a durar mucho&#8221; sin su aprobaci\u00f3n<br><\/p>\n\n\n\n<p>Poco despu\u00e9s, la Guardia Revolucionaria de Ir\u00e1n dijo en un comunicado que estaba &#8220;lista para la obediencia total y el autosacrificio en el cumplimiento de las \u00f3rdenes divinas&#8221; del ayatol\u00e1 Mojtaba Jamenei.<br><\/p>\n\n\n\n<p>El presidente estadounidense Donald Trump hab\u00eda desestimado anteriormente al cl\u00e9rico de 56 a\u00f1os, al calificarlo como un &#8220;peso ligero&#8221;.<br><\/p>\n\n\n\n<p>Este domingo, insisti\u00f3 en que Washington deb\u00eda tener voz en el nombramiento del nuevo l\u00edder. &#8220;Si no obtiene nuestra aprobaci\u00f3n, no va a durar mucho&#8221;, declar\u00f3 a ABC News antes de que se hiciera el anuncio.<\/p>\n","protected":false},"excerpt":{"rendered":"<p>-Estados Unidos advierte que el nuevo l\u00edder &#8220;no va a durar mucho&#8221; sin su aprobaci\u00f3n. Mojtaba Jamenei fue elegido como el gu\u00eda supremo iran\u00ed para suceder a su padre Al\u00ed Jamenei, abatido el primer d\u00eda del ataque lanzado por Estados Unidos e Israel contra el r\u00e9gimen isl\u00e1mico de Ir\u00e1n el 28 de febrero. El ayatol\u00e1 [&hellip;]<\/p>\n","protected":false},"author":1,"featured_media":77946,"comment_status":"closed","ping_status":"closed","sticky":false,"template":"","format":"standard","meta":{"footnotes":""},"categories":[80],"tags":[],"class_list":["post-77942","post","type-post","status-publish","format-standard","has-post-thumbnail","hentry","category-mundo"],"_links":{"self":[{"href":"https:\/\/themexicopost.com\/index.php?rest_route=\/wp\/v2\/posts\/77942","targetHints":{"allow":["GET"]}}],"collection":[{"href":"https:\/\/themexicopost.com\/index.php?rest_route=\/wp\/v2\/posts"}],"about":[{"href":"https:\/\/themexicopost.com\/index.php?rest_route=\/wp\/v2\/types\/post"}],"author":[{"embeddable":true,"href":"https:\/\/themexicopost.com\/index.php?rest_route=\/wp\/v2\/users\/1"}],"replies":[{"embeddable":true,"href":"https:\/\/themexicopost.com\/index.php?rest_route=%2Fwp%2Fv2%2Fcomments&post=77942"}],"version-history":[{"count":1,"href":"https:\/\/themexicopost.com\/index.php?rest_route=\/wp\/v2\/posts\/77942\/revisions"}],"predecessor-version":[{"id":77947,"href":"https:\/\/themexicopost.com\/index.php?rest_route=\/wp\/v2\/posts\/77942\/revisions\/77947"}],"wp:featuredmedia":[{"embeddable":true,"href":"https:\/\/themexicopost.com\/index.php?rest_route=\/wp\/v2\/media\/77946"}],"wp:attachment":[{"href":"https:\/\/themexicopost.com\/index.php?rest_route=%2Fwp%2Fv2%2Fmedia&parent=77942"}],"wp:term":[{"taxonomy":"category","embeddable":true,"href":"https:\/\/themexicopost.com\/index.php?rest_route=%2Fwp%2Fv2%2Fcategories&post=77942"},{"taxonomy":"post_tag","embeddable":true,"href":"https:\/\/themexicopost.com\/index.php?rest_route=%2Fwp%2Fv2%2Ftags&post=77942"}],"curies":[{"name":"wp","href":"https:\/\/api.w.org\/{rel}","templated":true}]}}