{"id":78032,"date":"2026-03-10T08:29:36","date_gmt":"2026-03-10T14:29:36","guid":{"rendered":"https:\/\/themexicopost.com\/?p=78032"},"modified":"2026-03-10T08:29:41","modified_gmt":"2026-03-10T14:29:41","slug":"pierden-la-vida-14-migrantes-tras-hundirse-embarcacion-en-turquia","status":"publish","type":"post","link":"https:\/\/themexicopost.com\/?p=78032","title":{"rendered":"Pierden la vida 14 migrantes tras hundirse embarcaci\u00f3n en Turqu\u00eda"},"content":{"rendered":"\n<figure class=\"wp-block-pullquote\"><blockquote><p>-Las autoridades han iniciado una investigaci\u00f3n judicial y administrativa sobre el incidente.<\/p><\/blockquote><\/figure>\n\n\n\n<p class=\"has-drop-cap\">Al menos 14 migrantes se ahogaron despu\u00e9s de que la embarcaci\u00f3n que los transportaba colisionara con una embarcaci\u00f3n de la guardia costera frente a la costa mediterr\u00e1nea de Turqu\u00eda durante una persecuci\u00f3n, informaron las autoridades.<br><\/p>\n\n\n\n<p>El incidente ocurri\u00f3 cerca de la costa de Demre, en la provincia de Antalya, cuando la embarcaci\u00f3n que transportaba afganos ignor\u00f3 las llamadas de detenci\u00f3n e intent\u00f3 maniobrar a alta velocidad para escapar de las embarcaciones de la guardia costera, seg\u00fan inform\u00f3 la agencia estatal Anadolu citando al gobernador Hulusi Sahin.<br><\/p>\n\n\n\n<p>Siete personas fueron rescatadas del mar por equipos de la guardia costera y recibieron atenci\u00f3n m\u00e9dica inmediata, indic\u00f3 Sahin. Otras catorce que llegaron a la costa fueron detenidas por unidades de la gendarmer\u00eda.<br><\/p>\n\n\n\n<p>Las operaciones de b\u00fasqueda y rescate continuaban por tierra, mar y aire para localizar a las personas que a\u00fan pudieran estar desaparecidas.<br><\/p>\n\n\n\n<p>Las autoridades han iniciado una investigaci\u00f3n judicial y administrativa sobre el incidente, indic\u00f3 Anadolu.<\/p>\n","protected":false},"excerpt":{"rendered":"<p>-Las autoridades han iniciado una investigaci\u00f3n judicial y administrativa sobre el incidente. Al menos 14 migrantes se ahogaron despu\u00e9s de que la embarcaci\u00f3n que los transportaba colisionara con una embarcaci\u00f3n de la guardia costera frente a la costa mediterr\u00e1nea de Turqu\u00eda durante una persecuci\u00f3n, informaron las autoridades. El incidente ocurri\u00f3 cerca de la costa de [&hellip;]<\/p>\n","protected":false},"author":1,"featured_media":78036,"comment_status":"closed","ping_status":"closed","sticky":false,"template":"","format":"standard","meta":{"footnotes":""},"categories":[80],"tags":[],"class_list":["post-78032","post","type-post","status-publish","format-standard","has-post-thumbnail","hentry","category-mundo"],"_links":{"self":[{"href":"https:\/\/themexicopost.com\/index.php?rest_route=\/wp\/v2\/posts\/78032","targetHints":{"allow":["GET"]}}],"collection":[{"href":"https:\/\/themexicopost.com\/index.php?rest_route=\/wp\/v2\/posts"}],"about":[{"href":"https:\/\/themexicopost.com\/index.php?rest_route=\/wp\/v2\/types\/post"}],"author":[{"embeddable":true,"href":"https:\/\/themexicopost.com\/index.php?rest_route=\/wp\/v2\/users\/1"}],"replies":[{"embeddable":true,"href":"https:\/\/themexicopost.com\/index.php?rest_route=%2Fwp%2Fv2%2Fcomments&post=78032"}],"version-history":[{"count":1,"href":"https:\/\/themexicopost.com\/index.php?rest_route=\/wp\/v2\/posts\/78032\/revisions"}],"predecessor-version":[{"id":78037,"href":"https:\/\/themexicopost.com\/index.php?rest_route=\/wp\/v2\/posts\/78032\/revisions\/78037"}],"wp:featuredmedia":[{"embeddable":true,"href":"https:\/\/themexicopost.com\/index.php?rest_route=\/wp\/v2\/media\/78036"}],"wp:attachment":[{"href":"https:\/\/themexicopost.com\/index.php?rest_route=%2Fwp%2Fv2%2Fmedia&parent=78032"}],"wp:term":[{"taxonomy":"category","embeddable":true,"href":"https:\/\/themexicopost.com\/index.php?rest_route=%2Fwp%2Fv2%2Fcategories&post=78032"},{"taxonomy":"post_tag","embeddable":true,"href":"https:\/\/themexicopost.com\/index.php?rest_route=%2Fwp%2Fv2%2Ftags&post=78032"}],"curies":[{"name":"wp","href":"https:\/\/api.w.org\/{rel}","templated":true}]}}