{"id":78050,"date":"2026-03-10T08:41:39","date_gmt":"2026-03-10T14:41:39","guid":{"rendered":"https:\/\/themexicopost.com\/?p=78050"},"modified":"2026-03-10T08:41:50","modified_gmt":"2026-03-10T14:41:50","slug":"guatemala-anuncio-el-fin-del-embargo-militar-de-estados-unidos","status":"publish","type":"post","link":"https:\/\/themexicopost.com\/?p=78050","title":{"rendered":"Guatemala anunci\u00f3 el fin del embargo militar de Estados Unidos"},"content":{"rendered":"\n<figure class=\"wp-block-pullquote\"><blockquote><p>El pa\u00eds inici\u00f3 tr\u00e1mites para comprar aviones, municiones y equipo especial para operaciones nocturnas, dijo el gobierno.<\/p><\/blockquote><\/figure>\n\n\n\n<p class=\"has-drop-cap\">Guatemala anunci\u00f3 el levantamiento del embargo militar impuesto por Estados Unidos hace casi medio siglo por violaciones a los derechos humanos e inici\u00f3 un proceso para la compra de armas, aviones y equipamiento.<br><\/p>\n\n\n\n<p>El Congreso estadounidense impuso la prohibici\u00f3n en noviembre de 1977 por las sistem\u00e1ticas violaciones y asesinatos en el marco del conflicto armado que dej\u00f3 unos 200.000 muertos y desaparecidos entre 1960 y 1996, seg\u00fan la ONU.<br><\/p>\n\n\n\n<p>A pesar de esto, Washington sigui\u00f3 donando equipamiento a las fuerzas armadas guatemaltecas para combatir el narcotr\u00e1fico.<br><\/p>\n\n\n\n<p>Como resultado de la confianza y la cooperaci\u00f3n estrat\u00e9gica, Guatemala y Estados Unidos alcanzaron avances concretos, entre ellos el levantamiento del embargo militar, dijo el ministro de Defensa, Henry S\u00e1enz, en rueda de prensa.<br><\/p>\n\n\n\n<p>La decisi\u00f3n permitir\u00e1 que Guatemala pueda hacer negocios de gobierno a gobierno con Estados Unidos e incrementar las capacidades de las fuerzas armadas, agreg\u00f3, acompa\u00f1ado por el presidente del pa\u00eds Bernardo Ar\u00e9valo.<br><\/p>\n\n\n\n<p>El ej\u00e9rcito guatemalteco, cuyos principales proveedores son Israel y Colombia, tiene un presupuesto de unos 50 millones de d\u00f3lares para adquirir armamento en 2026, seg\u00fan S\u00e1enz.<br><\/p>\n\n\n\n<p>Tras el fin del embargo, el pa\u00eds inici\u00f3 tr\u00e1mites para comprar aviones, municiones y equipo especial para operaciones nocturnas, detall\u00f3.<br><\/p>\n\n\n\n<p>&#8220;Ahora vamos a poder comprarle al mejor mercado del mundo&#8221;, subray\u00f3 el ministro.<br><\/p>\n\n\n\n<p>Asimismo, explic\u00f3 que el levantamiento no se formaliz\u00f3 mediante un documento, sino que fue posible tras el cumplimiento de una serie de requisitos. Uno de ellos es el compromiso de que el ej\u00e9rcito de Guatemala no atiende a radicalismos ni a intereses pol\u00edtico&#8221;, sino que est\u00e1 bajo la orden de un presidente democr\u00e1tico y &#8220;apol\u00edtico&#8221;.<\/p>\n","protected":false},"excerpt":{"rendered":"<p>El pa\u00eds inici\u00f3 tr\u00e1mites para comprar aviones, municiones y equipo especial para operaciones nocturnas, dijo el gobierno. Guatemala anunci\u00f3 el levantamiento del embargo militar impuesto por Estados Unidos hace casi medio siglo por violaciones a los derechos humanos e inici\u00f3 un proceso para la compra de armas, aviones y equipamiento. El Congreso estadounidense impuso la [&hellip;]<\/p>\n","protected":false},"author":1,"featured_media":78054,"comment_status":"closed","ping_status":"closed","sticky":false,"template":"","format":"standard","meta":{"footnotes":""},"categories":[83,80],"tags":[],"class_list":["post-78050","post","type-post","status-publish","format-standard","has-post-thumbnail","hentry","category-destacado","category-mundo"],"_links":{"self":[{"href":"https:\/\/themexicopost.com\/index.php?rest_route=\/wp\/v2\/posts\/78050","targetHints":{"allow":["GET"]}}],"collection":[{"href":"https:\/\/themexicopost.com\/index.php?rest_route=\/wp\/v2\/posts"}],"about":[{"href":"https:\/\/themexicopost.com\/index.php?rest_route=\/wp\/v2\/types\/post"}],"author":[{"embeddable":true,"href":"https:\/\/themexicopost.com\/index.php?rest_route=\/wp\/v2\/users\/1"}],"replies":[{"embeddable":true,"href":"https:\/\/themexicopost.com\/index.php?rest_route=%2Fwp%2Fv2%2Fcomments&post=78050"}],"version-history":[{"count":1,"href":"https:\/\/themexicopost.com\/index.php?rest_route=\/wp\/v2\/posts\/78050\/revisions"}],"predecessor-version":[{"id":78055,"href":"https:\/\/themexicopost.com\/index.php?rest_route=\/wp\/v2\/posts\/78050\/revisions\/78055"}],"wp:featuredmedia":[{"embeddable":true,"href":"https:\/\/themexicopost.com\/index.php?rest_route=\/wp\/v2\/media\/78054"}],"wp:attachment":[{"href":"https:\/\/themexicopost.com\/index.php?rest_route=%2Fwp%2Fv2%2Fmedia&parent=78050"}],"wp:term":[{"taxonomy":"category","embeddable":true,"href":"https:\/\/themexicopost.com\/index.php?rest_route=%2Fwp%2Fv2%2Fcategories&post=78050"},{"taxonomy":"post_tag","embeddable":true,"href":"https:\/\/themexicopost.com\/index.php?rest_route=%2Fwp%2Fv2%2Ftags&post=78050"}],"curies":[{"name":"wp","href":"https:\/\/api.w.org\/{rel}","templated":true}]}}