{"id":7806,"date":"2023-04-03T15:31:39","date_gmt":"2023-04-03T15:31:39","guid":{"rendered":"https:\/\/themexicopost.com\/?p=7806"},"modified":"2023-04-03T15:31:40","modified_gmt":"2023-04-03T15:31:40","slug":"implementa-michoacan-nueva-estrategia-de-seguridad-para-industria-del-aguacate","status":"publish","type":"post","link":"https:\/\/themexicopost.com\/?p=7806","title":{"rendered":"Implementa Michoac\u00e1n nueva estrategia de seguridad para industria del aguacate"},"content":{"rendered":"\n<p class=\"has-drop-cap wp-block-paragraph\">A partir de un acuerdo entre el gobierno y el sector privado de Michoac\u00e1n con los Estados Unidos, la Polic\u00eda Auxiliar del estado se encargar\u00e1 de cuidar la seguridad de la industria de la agroexportaci\u00f3n del aguacate.<br><\/p>\n\n\n\n<p class=\"wp-block-paragraph\">Al respecto, el gobernador, Alfredo Ram\u00edrez Bedolla, inform\u00f3 que esta alianza surge a partir de que se busca que la entidad aproveche su potencial econ\u00f3mico dentro del marco del Tratado entre M\u00e9xico, Estados Unidos y Canad\u00e1 (T-MEC), y donde se suman los acuerdos generados en la \u00faltima cumbre de l\u00edderes de Norteam\u00e9rica para reactivar las econom\u00edas de los tres pa\u00edses.<br><\/p>\n\n\n\n<p class=\"wp-block-paragraph\">\u201cMichoac\u00e1n es un estado que por su ubicaci\u00f3n geogr\u00e1fica y log\u00edstica puede aportar al crecimiento econ\u00f3mico. El sector industrial y empresarial han recuperado la confianza de inversi\u00f3n, al mantenerse liberadas las v\u00edas de comunicaci\u00f3n terrestre y la seguridad para el comercio y traslado de mercanc\u00edas\u201d, reiter\u00f3.<br><\/p>\n\n\n\n<p class=\"wp-block-paragraph\">Por ello, ser\u00e1 en los pr\u00f3ximos meses cuando la corporaci\u00f3n policiaca, integrada por m\u00e1s de 1,700 elementos, proporcione servicios de protecci\u00f3n a los empacadores de este sector agroalimentario, as\u00ed como a las unidades que trasladan este fruto para su venta y consumo en Estados Unidos.<br><\/p>\n\n\n\n<p class=\"wp-block-paragraph\">Dentro de la alianza participa la Asociaci\u00f3n de Productores y Empacadores de Aguacate de M\u00e9xico (APEAM), as\u00ed como el embajador de Estados Unidos en M\u00e9xico, Ken Salazar.<\/p>\n","protected":false},"excerpt":{"rendered":"<p>A partir de un acuerdo entre el gobierno y el sector privado de Michoac\u00e1n con los Estados Unidos, la Polic\u00eda Auxiliar del estado se encargar\u00e1 de cuidar la seguridad de la industria de la agroexportaci\u00f3n del aguacate. Al respecto, el gobernador, Alfredo Ram\u00edrez Bedolla, inform\u00f3 que esta alianza surge a partir de que se busca [&hellip;]<\/p>\n","protected":false},"author":1,"featured_media":7807,"comment_status":"closed","ping_status":"closed","sticky":false,"template":"","format":"standard","meta":{"footnotes":""},"categories":[81],"tags":[],"class_list":["post-7806","post","type-post","status-publish","format-standard","has-post-thumbnail","hentry","category-nacional"],"_links":{"self":[{"href":"https:\/\/themexicopost.com\/index.php?rest_route=\/wp\/v2\/posts\/7806","targetHints":{"allow":["GET"]}}],"collection":[{"href":"https:\/\/themexicopost.com\/index.php?rest_route=\/wp\/v2\/posts"}],"about":[{"href":"https:\/\/themexicopost.com\/index.php?rest_route=\/wp\/v2\/types\/post"}],"author":[{"embeddable":true,"href":"https:\/\/themexicopost.com\/index.php?rest_route=\/wp\/v2\/users\/1"}],"replies":[{"embeddable":true,"href":"https:\/\/themexicopost.com\/index.php?rest_route=%2Fwp%2Fv2%2Fcomments&post=7806"}],"version-history":[{"count":1,"href":"https:\/\/themexicopost.com\/index.php?rest_route=\/wp\/v2\/posts\/7806\/revisions"}],"predecessor-version":[{"id":7808,"href":"https:\/\/themexicopost.com\/index.php?rest_route=\/wp\/v2\/posts\/7806\/revisions\/7808"}],"wp:featuredmedia":[{"embeddable":true,"href":"https:\/\/themexicopost.com\/index.php?rest_route=\/wp\/v2\/media\/7807"}],"wp:attachment":[{"href":"https:\/\/themexicopost.com\/index.php?rest_route=%2Fwp%2Fv2%2Fmedia&parent=7806"}],"wp:term":[{"taxonomy":"category","embeddable":true,"href":"https:\/\/themexicopost.com\/index.php?rest_route=%2Fwp%2Fv2%2Fcategories&post=7806"},{"taxonomy":"post_tag","embeddable":true,"href":"https:\/\/themexicopost.com\/index.php?rest_route=%2Fwp%2Fv2%2Ftags&post=7806"}],"curies":[{"name":"wp","href":"https:\/\/api.w.org\/{rel}","templated":true}]}}