{"id":7824,"date":"2023-04-04T13:12:55","date_gmt":"2023-04-04T13:12:55","guid":{"rendered":"https:\/\/themexicopost.com\/?p=7824"},"modified":"2023-04-04T13:12:56","modified_gmt":"2023-04-04T13:12:56","slug":"seran-expulsadas-estudiantes-que-no-usen-hiyab-en-los-centros-educativos-en-iran","status":"publish","type":"post","link":"https:\/\/themexicopost.com\/?p=7824","title":{"rendered":"Ser\u00e1n expulsadas estudiantes que no usen hiyab en los centros educativos en Ir\u00e1n"},"content":{"rendered":"\n<figure class=\"wp-block-pullquote\"><blockquote><p>El Ministerio de Educaci\u00f3n anunci\u00f3 esta medida, que se aplicar\u00e1 a todas aquellas personas que no cumplan con el c\u00f3digo de vestimenta isl\u00e1mico, poniendo el foco en las mujeres y en la \u201ccultura de la castidad\u201d<\/p><\/blockquote><\/figure>\n\n\n\n<p class=\"has-drop-cap wp-block-paragraph\">El Ministerio de Educaci\u00f3n de Ir\u00e1n ha anunciado este lunes que expulsar\u00e1 de los centros educativos a todas aquellas personas que no cumplan con el c\u00f3digo de vestimenta isl\u00e1mico, poniendo el foco en el uso hiyab, as\u00ed como en la \u201ccultura de la castidad\u201d, entre las estudiantes.<br><\/p>\n\n\n\n<p class=\"wp-block-paragraph\">Teher\u00e1n se\u00f1ala la necesidad de \u201cfamiliarizar\u201d e \u201cinstitucionalizar\u201d el uso del hiyab y esta \u201ccultura de la castidad\u201d, por lo que ha puesto en manos de los centros educativos la tarea de interiorizar entre el alumnado estos dos conceptos, seg\u00fan el comunicado de Educaci\u00f3n que recoge la agencia de noticias Mehr.<br><\/p>\n\n\n\n<p class=\"wp-block-paragraph\">\u201cTener una visi\u00f3n m\u00e1s amplia de los componentes culturales y las formas de institucionalizarlos, incluido el tema del hiyab y la castidad, es uno de los desaf\u00edos m\u00e1s importantes en el sistema intelectual y cultural\u201d, dice el texto.<br><\/p>\n\n\n\n<p class=\"wp-block-paragraph\">Educaci\u00f3n ha fijado una serie de normas de obligado cumplimento en los centros, pidiendo a los responsables de los mismos y a los docentes colaboraci\u00f3n, no solo en la difusi\u00f3n de estas ideas sobre el hiyab y la castidad como valores fundamentales de la sociedad iran\u00ed, sino tambi\u00e9n para vigilar que se cumplen.<br><\/p>\n\n\n\n<p class=\"wp-block-paragraph\">La ense\u00f1anza de la sharia -ley isl\u00e1mica- sobre la castidad y el hiyab, promueve un \u201cdiscurso positivo\u201d y un \u201cpensamiento hermoso\u201d acerca de su uso. Explicar el \u201cestilo de vida isl\u00e1mico iran\u00ed\u201d o familiarizar a los estudiantes con los \u201cprogramas destructivos\u201d y las \u201cconspiraciones\u201d de Occidente, son algunas de las normas que Teher\u00e1n ha fijado para los centros educativos.<br><\/p>\n\n\n\n<p class=\"wp-block-paragraph\">La nueva imposici\u00f3n de las autoridades iran\u00edes es en respuesta a las protestas que estallaron en septiembre de 2022, en las que miles de personas se manifestaron para desafiar las estrictas normas de vestimenta impuestas por los ayatol\u00e1s, despu\u00e9s de que la joven Mahsa Amini muriera en dependencias policiales tras ser arrestada por presuntamente llevar mal puesto el velo.<br><\/p>\n\n\n\n<p class=\"wp-block-paragraph\">El c\u00f3digo de vestimenta de las mujeres se ha convertido en fuente de un intenso debate dentro de la sociedad iran\u00ed, en donde los sectores m\u00e1s tradicionalistas han amenazado con tomar medidas si el Gobierno no pon\u00eda freno a una supuesta relajaci\u00f3n de las normas, en especial en las grandes ciudades.<br><\/p>\n\n\n\n<p class=\"wp-block-paragraph\">En paralelo a la publicaci\u00f3n de esta declaraci\u00f3n, el ministro de Educaci\u00f3n, Yousef Noori, ha presentado su dimisi\u00f3n, siendo aceptada por el presidente iran\u00ed, Ebrahim Raisi, si bien est\u00e1 relacionada con el retraso en los pagos de los salarios, a poco m\u00e1s de dos semanas para el A\u00f1o Nuevo persa.<br><\/p>\n\n\n\n<p class=\"wp-block-paragraph\">Raisi ha nombrado al decano de la Universidad Farhangian, Reza Moradsahraei, como nuevo encargado de Educaci\u00f3n, mientras que ha solicitado al primer vicepresidente Mohammad Mokher, que investigue cualquier posible irregularidad tras el retraso de los pagos a los docentes, informa la agencia de noticias IRNA.<\/p>\n","protected":false},"excerpt":{"rendered":"<p>El Ministerio de Educaci\u00f3n anunci\u00f3 esta medida, que se aplicar\u00e1 a todas aquellas personas que no cumplan con el c\u00f3digo de vestimenta isl\u00e1mico, poniendo el foco en las mujeres y en la \u201ccultura de la castidad\u201d El Ministerio de Educaci\u00f3n de Ir\u00e1n ha anunciado este lunes que expulsar\u00e1 de los centros educativos a todas aquellas [&hellip;]<\/p>\n","protected":false},"author":1,"featured_media":7825,"comment_status":"closed","ping_status":"closed","sticky":false,"template":"","format":"standard","meta":{"footnotes":""},"categories":[83,85],"tags":[],"class_list":["post-7824","post","type-post","status-publish","format-standard","has-post-thumbnail","hentry","category-destacado","category-portada"],"_links":{"self":[{"href":"https:\/\/themexicopost.com\/index.php?rest_route=\/wp\/v2\/posts\/7824","targetHints":{"allow":["GET"]}}],"collection":[{"href":"https:\/\/themexicopost.com\/index.php?rest_route=\/wp\/v2\/posts"}],"about":[{"href":"https:\/\/themexicopost.com\/index.php?rest_route=\/wp\/v2\/types\/post"}],"author":[{"embeddable":true,"href":"https:\/\/themexicopost.com\/index.php?rest_route=\/wp\/v2\/users\/1"}],"replies":[{"embeddable":true,"href":"https:\/\/themexicopost.com\/index.php?rest_route=%2Fwp%2Fv2%2Fcomments&post=7824"}],"version-history":[{"count":1,"href":"https:\/\/themexicopost.com\/index.php?rest_route=\/wp\/v2\/posts\/7824\/revisions"}],"predecessor-version":[{"id":7826,"href":"https:\/\/themexicopost.com\/index.php?rest_route=\/wp\/v2\/posts\/7824\/revisions\/7826"}],"wp:featuredmedia":[{"embeddable":true,"href":"https:\/\/themexicopost.com\/index.php?rest_route=\/wp\/v2\/media\/7825"}],"wp:attachment":[{"href":"https:\/\/themexicopost.com\/index.php?rest_route=%2Fwp%2Fv2%2Fmedia&parent=7824"}],"wp:term":[{"taxonomy":"category","embeddable":true,"href":"https:\/\/themexicopost.com\/index.php?rest_route=%2Fwp%2Fv2%2Fcategories&post=7824"},{"taxonomy":"post_tag","embeddable":true,"href":"https:\/\/themexicopost.com\/index.php?rest_route=%2Fwp%2Fv2%2Ftags&post=7824"}],"curies":[{"name":"wp","href":"https:\/\/api.w.org\/{rel}","templated":true}]}}