{"id":78243,"date":"2026-03-12T08:26:42","date_gmt":"2026-03-12T14:26:42","guid":{"rendered":"https:\/\/themexicopost.com\/?p=78243"},"modified":"2026-03-12T08:26:44","modified_gmt":"2026-03-12T14:26:44","slug":"mayor-toma-de-conciencia-ante-el-dominio-de-un-materialismo-asfixiante","status":"publish","type":"post","link":"https:\/\/themexicopost.com\/?p=78243","title":{"rendered":"MAYOR TOMA DE CONCIENCIA ANTE EL DOMINIO DE UN MATERIALISMO ASFIXIANTE"},"content":{"rendered":"\n<figure class=\"wp-block-pullquote\"><blockquote><p><strong>Por: V\u00edctor Corcoba Herrero<\/strong><br>\u201cDesvividos por vivir en m\u00edstica alianza, participaremos de un esp\u00edritu cooperante y colaborador, ganaremos en adhesi\u00f3n, pero tambi\u00e9n en esperanza, ya que una labor conjunta siempre une voluntades, acerca pausas y hermana los pulsos\u201d.<\/p><\/blockquote><\/figure>\n\n\n\n<p class=\"has-drop-cap\">La moral no puede estar por los suelos. Precisamos darle valor y val\u00eda, ante la multitud de realidades y hechos bochornosos que nos llevan a un desequilibrio total, con un aluvi\u00f3n de incertidumbres y contiendas verdaderamente destructivas. Para empezar, la inhumanidad y la ceguera del esp\u00edritu deshumanizante socavan los derechos humanos y la cohesi\u00f3n social. Las consecuencias de esta pasividad e indiferencia son cada d\u00eda m\u00e1s terribles y temibles, lo que nos exige una acci\u00f3n de conjunto que tenga como punto de inicio una clara visi\u00f3n m\u00e1s \u00e9tica y est\u00e9tica de todos los aspectos econ\u00f3micos, sociales y culturales. Tanto es as\u00ed que un desarrollo an\u00edmico no se reduce meramente a un mero crecimiento econ\u00f3mico, sino al avance humanitario como sociedad.<br><\/p>\n\n\n\n<p>L\u00f3gicamente, el germen de este progreso es un deber ciudadano, para que cada cual pueda realizarse y crecer en humanidad, hacia un horizonte vital, que es lo que nos da la satisfacci\u00f3n del impulso personal, haci\u00e9ndolo en comuni\u00f3n y en comunidad. Al igual que no hay ciencia sin conciencia, tampoco cohabita una sana amistad, cuando los corazones se endurecen y los esp\u00edritus se encierran en s\u00ed mismos, lo que acrecienta el inter\u00e9s mundano, con las consabidas luchas de oposici\u00f3n y desuni\u00f3n. En efecto, el futuro no se escribe solo con c\u00f3digos inform\u00e1ticos o paneles solares, sino activando una escala de principios, antes de que la avaricia de las personas, de las sociedades y de las naciones, suscite en unos y en otros un materialismo sofocante.<br><\/p>\n\n\n\n<p>No me gustan las pasiones que todo lo comercializan, hasta nuestra propia existencia, que ha de ser poes\u00eda y jam\u00e1s poder. Sin duda, nuestros interiores son esa l\u00edrica libre que requiere compartir m\u00edsticas identidades para enhebrar sue\u00f1os y relanzar aires inspiradores. Seremos, entonces, m\u00e1s coraz\u00f3n que coraza, en un mundo que es de todos y de nadie en particular. Sea como fuere, no somos de aqu\u00ed, estamos de paso y ser\u00e1 el poso dejado en favor del bien colectivo lo que nos trascienda. Desvividos por vivir en m\u00edstica alianza, participaremos de un esp\u00edritu cooperante y colaborador, ganaremos en adhesi\u00f3n, pero tambi\u00e9n en esperanza, ya que una labor conjunta siempre une voluntades, acerca pausas y hermana los pulsos.<br><\/p>\n\n\n\n<p>Por ello, incluir la gesti\u00f3n de los recursos naturales en los acuerdos de paz es fundamental, al menos para no alentar la destrucci\u00f3n ambiental y la extracci\u00f3n irresponsable, que lo \u00fanico que generan son abusos contra derechos humanos y absurdas batallas. La tentaci\u00f3n de la barbarie, va a estar ah\u00ed siempre, sobre todo en situaciones cuyas injusticias claman al cielo. Nunca olvidemos que el hombre no es verdaderamente humano, m\u00e1s que en la medida en que, due\u00f1o de sus acciones y juez al mismo tiempo, se hace \u00e9l mismo autor de su progreso y coparticipe de sus actuaciones, sabiendo que toda acci\u00f3n social implica consideraci\u00f3n hacia toda savia, que no puede darse sin el desarrollo solidario de la gente.<br><\/p>\n\n\n\n<p>Sin embargo; y, a pesar de la riada de abatimientos, se nos otorg\u00f3 el discernimiento para huir de las ferocidades. Ahora bien, si queremos entrar en sanaci\u00f3n; ha llegado el d\u00eda, en que la violencia hacia otro ser an\u00e1logo debe revolverse contra s\u00ed y volverse, tan aborrecible, como el aislamiento. Convertidos en individuos de profunda misi\u00f3n y en sujetos de incesante revisi\u00f3n, el penitente florecer\u00e1 como poeta, porque se volver\u00e1 amor. Justo lo que demandamos hoy, para revertir pr\u00f3ximo, al pr\u00f3jimo. De manera que, estando todos en la aut\u00e9ntica ret\u00f3rica creativa, renazca ese poema perfecto con el que so\u00f1amos ser vida, como v\u00ednculo fraterno y signo de inspiraci\u00f3n; ya que si la lozan\u00eda es el nuevo nombre de la paz; la cognici\u00f3n, es la presencia et\u00e9rea en el yo. \u00a1Nos espera, pues, un gran gozo!<\/p>\n","protected":false},"excerpt":{"rendered":"<p>Por: V\u00edctor Corcoba Herrero\u201cDesvividos por vivir en m\u00edstica alianza, participaremos de un esp\u00edritu cooperante y colaborador, ganaremos en adhesi\u00f3n, pero tambi\u00e9n en esperanza, ya que una labor conjunta siempre une voluntades, acerca pausas y hermana los pulsos\u201d. La moral no puede estar por los suelos. Precisamos darle valor y val\u00eda, ante la multitud de realidades [&hellip;]<\/p>\n","protected":false},"author":1,"featured_media":78247,"comment_status":"closed","ping_status":"closed","sticky":false,"template":"","format":"standard","meta":{"footnotes":""},"categories":[84],"tags":[],"class_list":["post-78243","post","type-post","status-publish","format-standard","has-post-thumbnail","hentry","category-editorial"],"_links":{"self":[{"href":"https:\/\/themexicopost.com\/index.php?rest_route=\/wp\/v2\/posts\/78243","targetHints":{"allow":["GET"]}}],"collection":[{"href":"https:\/\/themexicopost.com\/index.php?rest_route=\/wp\/v2\/posts"}],"about":[{"href":"https:\/\/themexicopost.com\/index.php?rest_route=\/wp\/v2\/types\/post"}],"author":[{"embeddable":true,"href":"https:\/\/themexicopost.com\/index.php?rest_route=\/wp\/v2\/users\/1"}],"replies":[{"embeddable":true,"href":"https:\/\/themexicopost.com\/index.php?rest_route=%2Fwp%2Fv2%2Fcomments&post=78243"}],"version-history":[{"count":1,"href":"https:\/\/themexicopost.com\/index.php?rest_route=\/wp\/v2\/posts\/78243\/revisions"}],"predecessor-version":[{"id":78248,"href":"https:\/\/themexicopost.com\/index.php?rest_route=\/wp\/v2\/posts\/78243\/revisions\/78248"}],"wp:featuredmedia":[{"embeddable":true,"href":"https:\/\/themexicopost.com\/index.php?rest_route=\/wp\/v2\/media\/78247"}],"wp:attachment":[{"href":"https:\/\/themexicopost.com\/index.php?rest_route=%2Fwp%2Fv2%2Fmedia&parent=78243"}],"wp:term":[{"taxonomy":"category","embeddable":true,"href":"https:\/\/themexicopost.com\/index.php?rest_route=%2Fwp%2Fv2%2Fcategories&post=78243"},{"taxonomy":"post_tag","embeddable":true,"href":"https:\/\/themexicopost.com\/index.php?rest_route=%2Fwp%2Fv2%2Ftags&post=78243"}],"curies":[{"name":"wp","href":"https:\/\/api.w.org\/{rel}","templated":true}]}}