{"id":7835,"date":"2023-04-04T14:30:45","date_gmt":"2023-04-04T14:30:45","guid":{"rendered":"https:\/\/themexicopost.com\/?p=7835"},"modified":"2023-04-04T14:30:46","modified_gmt":"2023-04-04T14:30:46","slug":"pide-lopez-obrador-revertir-suspension-a-plan-b-electoral","status":"publish","type":"post","link":"https:\/\/themexicopost.com\/?p=7835","title":{"rendered":"Pide L\u00f3pez Obrador revertir suspensi\u00f3n a \u201cPlan B\u201d electoral"},"content":{"rendered":"\n<figure class=\"wp-block-pullquote\"><blockquote><p>La Consejer\u00eda jur\u00eddica afirma que la admisi\u00f3n de la demanda y la suspensi\u00f3n de las leyes son \u201cfallos inauditos\u201d.<\/p><\/blockquote><\/figure>\n\n\n\n<p class=\"has-drop-cap wp-block-paragraph\">El presidente Andr\u00e9s Manuel L\u00f3pez Obrador solicit\u00f3 a la Suprema Corte revertir el acceso a la demanda que present\u00f3 el Instituto Nacional Electoral (INE) contra el llamado \u2018Plan B\u2019 electoral y la suspensi\u00f3n a los efectos de las leyes.<br><\/p>\n\n\n\n<p class=\"wp-block-paragraph\">Seg\u00fan la Consejer\u00eda Jur\u00eddica de Presidencia, el m\u00e1ximo tribunal no debi\u00f3 admitir la demanda presentada, ya que, seg\u00fan su interpretaci\u00f3n de la Constituci\u00f3n, el instituto no puede presentar controversias constitucionales en contra de leyes electorales, como son el conjunto de normas que integran el \u201cplan B\u201d.<br><\/p>\n\n\n\n<p class=\"wp-block-paragraph\">Sobre la suspensi\u00f3n, Presidencia afirm\u00f3 que no puede proceder porque se aplic\u00f3 a una \u201cnorma general\u201d, lo que contraviene la ley reglamentaria.<br><\/p>\n\n\n\n<p class=\"wp-block-paragraph\">La Consejer\u00eda jur\u00eddica afirma que la admisi\u00f3n de la demanda y la suspensi\u00f3n de las leyes son \u201cfallos inauditos\u201d y llam\u00f3 al Poder Judicial a respetar \u201cl\u00edmites\u201d:<br><\/p>\n\n\n\n<figure class=\"wp-block-image size-large\"><img fetchpriority=\"high\" decoding=\"async\" width=\"1024\" height=\"683\" src=\"https:\/\/themexicopost.com\/wp-content\/uploads\/2023\/04\/pide-1024x683.jpg\" alt=\"\" class=\"wp-image-7837\" srcset=\"https:\/\/themexicopost.com\/wp-content\/uploads\/2023\/04\/pide-1024x683.jpg 1024w, https:\/\/themexicopost.com\/wp-content\/uploads\/2023\/04\/pide-300x200.jpg 300w, https:\/\/themexicopost.com\/wp-content\/uploads\/2023\/04\/pide-768x512.jpg 768w, https:\/\/themexicopost.com\/wp-content\/uploads\/2023\/04\/pide-330x220.jpg 330w, https:\/\/themexicopost.com\/wp-content\/uploads\/2023\/04\/pide-420x280.jpg 420w, https:\/\/themexicopost.com\/wp-content\/uploads\/2023\/04\/pide-615x410.jpg 615w, https:\/\/themexicopost.com\/wp-content\/uploads\/2023\/04\/pide-860x573.jpg 860w, https:\/\/themexicopost.com\/wp-content\/uploads\/2023\/04\/pide.jpg 1200w\" sizes=\"(max-width: 1024px) 100vw, 1024px\" \/><\/figure>\n\n\n\n<p class=\"wp-block-paragraph\">El Poder Judicial tambi\u00e9n tiene l\u00edmites en su actuar, los cuales est\u00e1n enunciados expresamente en la Constituci\u00f3n y en las leyes que emite el Poder Legislativo.<br><\/p>\n\n\n\n<p class=\"wp-block-paragraph\">Presidencia afirm\u00f3 que hay un precedente para negar suspensiones sobre leyes generales, cuando la Segunda Sala de la Corte neg\u00f3 una suspensi\u00f3n al Instituto Electoral de la Ciudad de M\u00e9xico (IECM) por un tema similar.<br><\/p>\n\n\n\n<p class=\"wp-block-paragraph\">Afirm\u00f3 que ese asunto se resolvi\u00f3 con cinco votos a favor, incluyendo la postura del ministro Javier Laynez.<br><\/p>\n\n\n\n<p class=\"wp-block-paragraph\">Seg\u00fan la interpretaci\u00f3n de Presidencia de la Rep\u00fablica, la suspensi\u00f3n se concedi\u00f3 porque las reformas \u201cpodr\u00edan causar afectaciones a los derechos humanos, sin explicar c\u00f3mo la entrada en vigor de la reforma ocasionar\u00eda una alteraci\u00f3n irreparable a los derechos pol\u00edtico-electorales de la ciudadan\u00eda\u201d.<br><\/p>\n\n\n\n<p class=\"wp-block-paragraph\">La Consejer\u00eda afirma que \u201cNunca en la historia de nuestro m\u00e1ximo tribunal hab\u00eda ocurrido que un solo juez constitucional suspendiera la vigencia de cuatro leyes y que, de forma unilateral, ordenara \u201crevivir\u201d las disposiciones modificadas por el Congreso de la Uni\u00f3n, lo cual constituye una evidente violaci\u00f3n al principio de divisi\u00f3n de poderes\u201d.<\/p>\n","protected":false},"excerpt":{"rendered":"<p>La Consejer\u00eda jur\u00eddica afirma que la admisi\u00f3n de la demanda y la suspensi\u00f3n de las leyes son \u201cfallos inauditos\u201d. El presidente Andr\u00e9s Manuel L\u00f3pez Obrador solicit\u00f3 a la Suprema Corte revertir el acceso a la demanda que present\u00f3 el Instituto Nacional Electoral (INE) contra el llamado \u2018Plan B\u2019 electoral y la suspensi\u00f3n a los efectos [&hellip;]<\/p>\n","protected":false},"author":1,"featured_media":7836,"comment_status":"closed","ping_status":"closed","sticky":false,"template":"","format":"standard","meta":{"footnotes":""},"categories":[83,81],"tags":[],"class_list":["post-7835","post","type-post","status-publish","format-standard","has-post-thumbnail","hentry","category-destacado","category-nacional"],"_links":{"self":[{"href":"https:\/\/themexicopost.com\/index.php?rest_route=\/wp\/v2\/posts\/7835","targetHints":{"allow":["GET"]}}],"collection":[{"href":"https:\/\/themexicopost.com\/index.php?rest_route=\/wp\/v2\/posts"}],"about":[{"href":"https:\/\/themexicopost.com\/index.php?rest_route=\/wp\/v2\/types\/post"}],"author":[{"embeddable":true,"href":"https:\/\/themexicopost.com\/index.php?rest_route=\/wp\/v2\/users\/1"}],"replies":[{"embeddable":true,"href":"https:\/\/themexicopost.com\/index.php?rest_route=%2Fwp%2Fv2%2Fcomments&post=7835"}],"version-history":[{"count":1,"href":"https:\/\/themexicopost.com\/index.php?rest_route=\/wp\/v2\/posts\/7835\/revisions"}],"predecessor-version":[{"id":7838,"href":"https:\/\/themexicopost.com\/index.php?rest_route=\/wp\/v2\/posts\/7835\/revisions\/7838"}],"wp:featuredmedia":[{"embeddable":true,"href":"https:\/\/themexicopost.com\/index.php?rest_route=\/wp\/v2\/media\/7836"}],"wp:attachment":[{"href":"https:\/\/themexicopost.com\/index.php?rest_route=%2Fwp%2Fv2%2Fmedia&parent=7835"}],"wp:term":[{"taxonomy":"category","embeddable":true,"href":"https:\/\/themexicopost.com\/index.php?rest_route=%2Fwp%2Fv2%2Fcategories&post=7835"},{"taxonomy":"post_tag","embeddable":true,"href":"https:\/\/themexicopost.com\/index.php?rest_route=%2Fwp%2Fv2%2Ftags&post=7835"}],"curies":[{"name":"wp","href":"https:\/\/api.w.org\/{rel}","templated":true}]}}