{"id":7839,"date":"2023-04-04T14:39:39","date_gmt":"2023-04-04T14:39:39","guid":{"rendered":"https:\/\/themexicopost.com\/?p=7839"},"modified":"2023-04-04T14:39:41","modified_gmt":"2023-04-04T14:39:41","slug":"anuncia-la-nasa-los-cuatro-astronautas-que-reanudaran-los-viajes-tripulados-a-la-luna","status":"publish","type":"post","link":"https:\/\/themexicopost.com\/?p=7839","title":{"rendered":"Anuncia la NASA los cuatro astronautas que reanudar\u00e1n los viajes tripulados a la Luna"},"content":{"rendered":"\n<figure class=\"wp-block-pullquote\"><blockquote><p>La agencia espacial, junto a su hom\u00f3loga canadiense, presentaron a los integrantes de la misi\u00f3n Artemis II, programada para fines de 2024: Christina Koch, Victor Glover, Reid Wiseman y Jeremy Hansen. Por primera vez fueron elegidos un afroamericano y una mujer<\/p><\/blockquote><\/figure>\n\n\n\n<p class=\"has-drop-cap wp-block-paragraph\">Los nombres de cuatro astronautas que viajar\u00e1n alrededor de la Luna a fines de 2024 en la misi\u00f3n Artemis II fueron anunciados este lunes, en la antesala de un ambicioso proyecto para que humanos vuelvan a pisar este sat\u00e9lite despu\u00e9s de medio siglo.<br><\/p>\n\n\n\n<p class=\"wp-block-paragraph\">La estadounidense NASA y la Agencia Espacial Canadiense (CSA) hizo el anuncio en un evento que comenz\u00f3 a las 10 (hora local 15 GMT) en el Centro Espacial Johnson de Houston, Texas, en el sur de Estados Unidos.<br><\/p>\n\n\n\n<p class=\"wp-block-paragraph\">Los nombres de cuatro astronautas que viajar\u00e1n alrededor de la Luna a fines de 2024 en la misi\u00f3n Artemis II fueron anunciados este lunes, en la antesala de un ambicioso proyecto para que humanos vuelvan a pisar este sat\u00e9lite despu\u00e9s de medio siglo.<br><\/p>\n\n\n\n<p class=\"wp-block-paragraph\">La estadounidense NASA y la Agencia Espacial Canadiense (CSA) hizo el anuncio en un evento que comenz\u00f3 a las 10 (hora local 15 GMT) en el Centro Espacial Johnson de Houston, Texas, en el sur de Estados Unidos.<br><\/p>\n\n\n\n<p class=\"wp-block-paragraph\">En noviembre de 2024, los astronautas tienen planeado volar por unos 10 d\u00edas alrededor de la Luna en la nave espacial Orion, que ya fue probada con \u00e9xito y sin tripulantes a fines de 2022, durante la misi\u00f3n Artemis I.<br><\/p>\n\n\n\n<p class=\"wp-block-paragraph\">\u201cYa probamos el cohete y la nave espacial. Esa fue una misi\u00f3n de 26 d\u00edas en noviembre pasado y pas\u00f3 todas las pruebas. Fue tan bueno que agregamos pruebas adicionales durante el transcurso del vuelo. Y ahora vamos a poner una tripulaci\u00f3n humana (\u2026) Ser\u00e1 la primera vez que volvamos a la luna en medio siglo\u201d, dijo la semana pasada el administrador de la NASA, Bill Nelson, durante el foro de innovadores Axios.<br><\/p>\n\n\n\n<figure class=\"wp-block-image size-large\"><img fetchpriority=\"high\" decoding=\"async\" width=\"1024\" height=\"683\" src=\"https:\/\/themexicopost.com\/wp-content\/uploads\/2023\/04\/anuncia-2-1024x683.jpg\" alt=\"\" class=\"wp-image-7841\" srcset=\"https:\/\/themexicopost.com\/wp-content\/uploads\/2023\/04\/anuncia-2-1024x683.jpg 1024w, https:\/\/themexicopost.com\/wp-content\/uploads\/2023\/04\/anuncia-2-300x200.jpg 300w, https:\/\/themexicopost.com\/wp-content\/uploads\/2023\/04\/anuncia-2-768x512.jpg 768w, https:\/\/themexicopost.com\/wp-content\/uploads\/2023\/04\/anuncia-2-330x220.jpg 330w, https:\/\/themexicopost.com\/wp-content\/uploads\/2023\/04\/anuncia-2-420x280.jpg 420w, https:\/\/themexicopost.com\/wp-content\/uploads\/2023\/04\/anuncia-2-615x410.jpg 615w, https:\/\/themexicopost.com\/wp-content\/uploads\/2023\/04\/anuncia-2-860x573.jpg 860w, https:\/\/themexicopost.com\/wp-content\/uploads\/2023\/04\/anuncia-2.jpg 1200w\" sizes=\"(max-width: 1024px) 100vw, 1024px\" \/><\/figure>\n\n\n\n<p class=\"wp-block-paragraph\">Artemis II ser\u00e1 la \u201cprueba de los sistemas de apoyo humanos\u201d, agreg\u00f3.<br><\/p>\n\n\n\n<p class=\"wp-block-paragraph\">El programa espacial estadounidense Artemis busca volver a pisar la Luna a finales de 2025, por primera vez desde que finalizaron las hist\u00f3ricas misiones Apolo en 1972.<br><\/p>\n\n\n\n<p class=\"wp-block-paragraph\">\u201cArtemis es el primer paso en la pr\u00f3xima era de exploraci\u00f3n humana. Junto con socios comerciales e internacionales, la NASA establecer\u00e1 una presencia sostenible en la Luna para prepararse para las misiones a Marte\u201d, precisa la entidad en su sitio de internet.<br><\/p>\n\n\n\n<p class=\"wp-block-paragraph\">En su presentaci\u00f3n en Axios, Nelson dijo que esperaba ver humanos en Marte para 2040.<br><\/p>\n\n\n\n<p class=\"wp-block-paragraph\">Solo 12 personas, todos hombres blancos, han pisado la superficie lunar.<br><\/p>\n\n\n\n<p class=\"wp-block-paragraph\">La NASA prev\u00e9 enviar a una mujer y una persona no blanca a la Luna por primera vez en las misiones Artemis. Se espera que Artemis III, donde s\u00ed habr\u00e1 descenso a la superficie lunar, se lleve a cabo unos 12 meses despu\u00e9s de Artemis II.<br><\/p>\n\n\n\n<p class=\"wp-block-paragraph\">A mediados de marzo, la NASA junto con la compa\u00f1\u00eda privada Axiom Space presentaron un prototipo de la nueva generaci\u00f3n de trajes espaciales que utilizar\u00e1n los astronautas para Artemis III.<br><\/p>\n\n\n\n<p class=\"wp-block-paragraph\">Aunque Axiom Space describe el traje espacial como \u201crevolucionario\u201d, m\u00e1s flexible y con mayor protecci\u00f3n t\u00e9rmica que los de la misi\u00f3n Apolo, mantiene el uso de pa\u00f1ales.<\/p>\n","protected":false},"excerpt":{"rendered":"<p>La agencia espacial, junto a su hom\u00f3loga canadiense, presentaron a los integrantes de la misi\u00f3n Artemis II, programada para fines de 2024: Christina Koch, Victor Glover, Reid Wiseman y Jeremy Hansen. Por primera vez fueron elegidos un afroamericano y una mujer Los nombres de cuatro astronautas que viajar\u00e1n alrededor de la Luna a fines de [&hellip;]<\/p>\n","protected":false},"author":1,"featured_media":7840,"comment_status":"closed","ping_status":"closed","sticky":false,"template":"","format":"standard","meta":{"footnotes":""},"categories":[83,80],"tags":[],"class_list":["post-7839","post","type-post","status-publish","format-standard","has-post-thumbnail","hentry","category-destacado","category-mundo"],"_links":{"self":[{"href":"https:\/\/themexicopost.com\/index.php?rest_route=\/wp\/v2\/posts\/7839","targetHints":{"allow":["GET"]}}],"collection":[{"href":"https:\/\/themexicopost.com\/index.php?rest_route=\/wp\/v2\/posts"}],"about":[{"href":"https:\/\/themexicopost.com\/index.php?rest_route=\/wp\/v2\/types\/post"}],"author":[{"embeddable":true,"href":"https:\/\/themexicopost.com\/index.php?rest_route=\/wp\/v2\/users\/1"}],"replies":[{"embeddable":true,"href":"https:\/\/themexicopost.com\/index.php?rest_route=%2Fwp%2Fv2%2Fcomments&post=7839"}],"version-history":[{"count":1,"href":"https:\/\/themexicopost.com\/index.php?rest_route=\/wp\/v2\/posts\/7839\/revisions"}],"predecessor-version":[{"id":7842,"href":"https:\/\/themexicopost.com\/index.php?rest_route=\/wp\/v2\/posts\/7839\/revisions\/7842"}],"wp:featuredmedia":[{"embeddable":true,"href":"https:\/\/themexicopost.com\/index.php?rest_route=\/wp\/v2\/media\/7840"}],"wp:attachment":[{"href":"https:\/\/themexicopost.com\/index.php?rest_route=%2Fwp%2Fv2%2Fmedia&parent=7839"}],"wp:term":[{"taxonomy":"category","embeddable":true,"href":"https:\/\/themexicopost.com\/index.php?rest_route=%2Fwp%2Fv2%2Fcategories&post=7839"},{"taxonomy":"post_tag","embeddable":true,"href":"https:\/\/themexicopost.com\/index.php?rest_route=%2Fwp%2Fv2%2Ftags&post=7839"}],"curies":[{"name":"wp","href":"https:\/\/api.w.org\/{rel}","templated":true}]}}