{"id":7846,"date":"2023-04-04T14:42:50","date_gmt":"2023-04-04T14:42:50","guid":{"rendered":"https:\/\/themexicopost.com\/?p=7846"},"modified":"2023-04-04T14:42:52","modified_gmt":"2023-04-04T14:42:52","slug":"peru-vuelve-a-perder-por-segunda-ocasion-sede-del-campeonato-mundial-sub-17","status":"publish","type":"post","link":"https:\/\/themexicopost.com\/?p=7846","title":{"rendered":"Per\u00fa vuelve a perder por segunda ocasi\u00f3n sede del Campeonato Mundial Sub 17"},"content":{"rendered":"\n<figure class=\"wp-block-pullquote\"><blockquote><p>La FIFA retir\u00f3 la organizaci\u00f3n de la justa varonil con l\u00edmite de edad al pa\u00eds sudamericano, debido a la incapacidad para terminar las infraestructuras necesarias; en 2019, no logr\u00f3 la totalidad de requisitos solicitados por la entidad internacional.<\/p><\/blockquote><\/figure>\n\n\n\n<p class=\"has-drop-cap wp-block-paragraph\">Per\u00fa se convirti\u00f3 en el segundo pa\u00eds en las \u00faltimas semanas en ser despojado del derecho a albergar un torneo de la FIFA, despu\u00e9s de que el organismo retir\u00f3 este lunes que el pa\u00eds sudamericano la sede del Campeonato Mundial Sub 17 por no haber cumplido con los compromisos de infraestructura correspondientes.<br><\/p>\n\n\n\n<p class=\"wp-block-paragraph\">FIFA dijo que el torneo con limite de edad se celebrar\u00e1 del 10 de noviembre al 2 de diciembre, y a\u00f1adi\u00f3 que su consejo designar\u00e1 un nuevo anfitri\u00f3n.<br><\/p>\n\n\n\n<p class=\"wp-block-paragraph\">\u201cA pesar de la buena colaboraci\u00f3n entre la FIFA y la FPF (Federaci\u00f3n Peruana de F\u00fatbol), se ha decidido que no se dispone de suficiente tiempo para asegurar la inversi\u00f3n y concluir el trabajo con el Gobierno peruano antes del inicio de la competici\u00f3n\u201d, agreg\u00f3.<br><\/p>\n\n\n\n<p class=\"wp-block-paragraph\">Indonesia fue despojada el mes pasado de sus derechos como anfitriona de la Copa Mundial Sub-20, tras la indignaci\u00f3n de algunos pol\u00edticos del pa\u00eds predominantemente musulm\u00e1n por la participaci\u00f3n de Israel.<br><\/p>\n\n\n\n<p class=\"wp-block-paragraph\">Ambos torneos estaban previstos inicialmente para 2021, pero se trasladaron a 2023 debido a la pandemia de COVID-19.<\/p>\n","protected":false},"excerpt":{"rendered":"<p>La FIFA retir\u00f3 la organizaci\u00f3n de la justa varonil con l\u00edmite de edad al pa\u00eds sudamericano, debido a la incapacidad para terminar las infraestructuras necesarias; en 2019, no logr\u00f3 la totalidad de requisitos solicitados por la entidad internacional. Per\u00fa se convirti\u00f3 en el segundo pa\u00eds en las \u00faltimas semanas en ser despojado del derecho a [&hellip;]<\/p>\n","protected":false},"author":1,"featured_media":7847,"comment_status":"closed","ping_status":"closed","sticky":false,"template":"","format":"standard","meta":{"footnotes":""},"categories":[79,83],"tags":[],"class_list":["post-7846","post","type-post","status-publish","format-standard","has-post-thumbnail","hentry","category-deportes","category-destacado"],"_links":{"self":[{"href":"https:\/\/themexicopost.com\/index.php?rest_route=\/wp\/v2\/posts\/7846","targetHints":{"allow":["GET"]}}],"collection":[{"href":"https:\/\/themexicopost.com\/index.php?rest_route=\/wp\/v2\/posts"}],"about":[{"href":"https:\/\/themexicopost.com\/index.php?rest_route=\/wp\/v2\/types\/post"}],"author":[{"embeddable":true,"href":"https:\/\/themexicopost.com\/index.php?rest_route=\/wp\/v2\/users\/1"}],"replies":[{"embeddable":true,"href":"https:\/\/themexicopost.com\/index.php?rest_route=%2Fwp%2Fv2%2Fcomments&post=7846"}],"version-history":[{"count":1,"href":"https:\/\/themexicopost.com\/index.php?rest_route=\/wp\/v2\/posts\/7846\/revisions"}],"predecessor-version":[{"id":7848,"href":"https:\/\/themexicopost.com\/index.php?rest_route=\/wp\/v2\/posts\/7846\/revisions\/7848"}],"wp:featuredmedia":[{"embeddable":true,"href":"https:\/\/themexicopost.com\/index.php?rest_route=\/wp\/v2\/media\/7847"}],"wp:attachment":[{"href":"https:\/\/themexicopost.com\/index.php?rest_route=%2Fwp%2Fv2%2Fmedia&parent=7846"}],"wp:term":[{"taxonomy":"category","embeddable":true,"href":"https:\/\/themexicopost.com\/index.php?rest_route=%2Fwp%2Fv2%2Fcategories&post=7846"},{"taxonomy":"post_tag","embeddable":true,"href":"https:\/\/themexicopost.com\/index.php?rest_route=%2Fwp%2Fv2%2Ftags&post=7846"}],"curies":[{"name":"wp","href":"https:\/\/api.w.org\/{rel}","templated":true}]}}