{"id":7853,"date":"2023-04-04T15:15:24","date_gmt":"2023-04-04T15:15:24","guid":{"rendered":"https:\/\/themexicopost.com\/?p=7853"},"modified":"2023-04-04T15:15:25","modified_gmt":"2023-04-04T15:15:25","slug":"padre-de-gerard-pique-desalojo-a-shakira-de-su-casa-de-barcelona","status":"publish","type":"post","link":"https:\/\/themexicopost.com\/?p=7853","title":{"rendered":"Padre de Gerard Piqu\u00e9 desaloj\u00f3 a Shakira de su casa de Barcelona"},"content":{"rendered":"\n<figure class=\"wp-block-pullquote\"><blockquote><p>Shakira recibi\u00f3 una carta firmada por Joan Piqu\u00e9, padre de Gerard Piqu\u00e9, siendo \u00e9l, el administrador de Inversiones BCN Two &amp;Two SL, oblig\u00e1ndola a abandonar su hogar.<\/p><\/blockquote><\/figure>\n\n\n\n<p class=\"has-drop-cap wp-block-paragraph\">Shakira cumpli\u00f3 su promesa: irse de Espa\u00f1a para vivir con sus hijos en Miami y aunque no se mencion\u00f3 una fecha en espec\u00edfico, la colombiana comparti\u00f3 en sus redes sociales que iba a comenzar una nueva vida en el pa\u00eds estadounidense, aunque ahora se dio a conocer que fue el padre de Gerard Piqu\u00e9, su ex pareja, quien la desaloj\u00f3 de su casa en Barcelona.<br><\/p>\n\n\n\n<p class=\"wp-block-paragraph\">De acuerdo con un medio espa\u00f1ol, Shakira recibi\u00f3 una carta firmada por Joan Piqu\u00e9, padre de Gerard Piqu\u00e9, siendo \u00e9l, el administrador de Inversiones BCN Two &amp;Two SL, oblig\u00e1ndola a abandonar su hogar ubicado en Esplugles de Llobregat con fecha m\u00e1xima del 30 de abril.<br><\/p>\n\n\n\n<p class=\"wp-block-paragraph\">El diario espa\u00f1ol se\u00f1al\u00f3 que el registro de dicho inmueble, que en un principio ten\u00eda como titular a Shakira y Gerard Piqu\u00e9, pas\u00f3 a ser propiedad de Inversiones BCN Two &amp; Two SL, el pasado mes de septiembre del 2022, cuando la entonces pareja, ten\u00eda diversos problemas econ\u00f3micos.<br><\/p>\n\n\n\n<p class=\"wp-block-paragraph\">Se sabe que desde el a\u00f1o 2012, Joan Piqu\u00e9 es el administrador y socio \u00fanico de Kerad Holding SL (la sociedad matriz de la que surgen las empresas del exfutbolista).<br><\/p>\n\n\n\n<figure class=\"wp-block-image size-large\"><img fetchpriority=\"high\" decoding=\"async\" width=\"1024\" height=\"683\" src=\"https:\/\/themexicopost.com\/wp-content\/uploads\/2023\/04\/padre-2-1024x683.jpg\" alt=\"\" class=\"wp-image-7855\" srcset=\"https:\/\/themexicopost.com\/wp-content\/uploads\/2023\/04\/padre-2-1024x683.jpg 1024w, https:\/\/themexicopost.com\/wp-content\/uploads\/2023\/04\/padre-2-300x200.jpg 300w, https:\/\/themexicopost.com\/wp-content\/uploads\/2023\/04\/padre-2-768x512.jpg 768w, https:\/\/themexicopost.com\/wp-content\/uploads\/2023\/04\/padre-2-330x220.jpg 330w, https:\/\/themexicopost.com\/wp-content\/uploads\/2023\/04\/padre-2-420x280.jpg 420w, https:\/\/themexicopost.com\/wp-content\/uploads\/2023\/04\/padre-2-615x410.jpg 615w, https:\/\/themexicopost.com\/wp-content\/uploads\/2023\/04\/padre-2-860x573.jpg 860w, https:\/\/themexicopost.com\/wp-content\/uploads\/2023\/04\/padre-2.jpg 1200w\" sizes=\"(max-width: 1024px) 100vw, 1024px\" \/><\/figure>\n\n\n\n<p class=\"wp-block-paragraph\">Fue por esto que adquiri\u00f3 la propiedad, y como nuevo due\u00f1o, le dej\u00f3 en claro a la colombiana que la fecha l\u00edmite para desalojar la casa donde crecieron sus hijos y el que ocupan actualmente sus pap\u00e1s, William Mebarak y Nidia Ripoll, es el 30 de abril de este a\u00f1o.<br><\/p>\n\n\n\n<p class=\"wp-block-paragraph\">De lo contrario, al hacer caso omiso a las indicaciones, Shakira podr\u00eda enfrentarse a una fuerte indemnizaci\u00f3n seg\u00fan el contrato de compraventa.<br><\/p>\n\n\n\n<p class=\"wp-block-paragraph\">En gran parte, esto explicar\u00eda el porque Shakira decidi\u00f3 aprovechar las vacaciones de Semana Santa para adelantar la inminente decisi\u00f3n que ya se ven\u00eda hablando desde el verano del 2022 y deb\u00eda llevare a cabo en enero del 2023.<br><\/p>\n\n\n\n<p class=\"wp-block-paragraph\">Por todo esto, Shakira se despidi\u00f3 de su hogar el d\u00eda de ayer, 2 de abril, y junto a sus hijos tomaron un jet privado con destino a su nueva vida en la ciudad de Miami, pues Milan y Sasha ya tienen un lugar en una escuela y comenzar\u00e1n las clases el 11 de abril.<\/p>\n","protected":false},"excerpt":{"rendered":"<p>Shakira recibi\u00f3 una carta firmada por Joan Piqu\u00e9, padre de Gerard Piqu\u00e9, siendo \u00e9l, el administrador de Inversiones BCN Two &amp;Two SL, oblig\u00e1ndola a abandonar su hogar. Shakira cumpli\u00f3 su promesa: irse de Espa\u00f1a para vivir con sus hijos en Miami y aunque no se mencion\u00f3 una fecha en espec\u00edfico, la colombiana comparti\u00f3 en sus [&hellip;]<\/p>\n","protected":false},"author":1,"featured_media":7854,"comment_status":"closed","ping_status":"closed","sticky":false,"template":"","format":"standard","meta":{"footnotes":""},"categories":[78],"tags":[],"class_list":["post-7853","post","type-post","status-publish","format-standard","has-post-thumbnail","hentry","category-espectaculos"],"_links":{"self":[{"href":"https:\/\/themexicopost.com\/index.php?rest_route=\/wp\/v2\/posts\/7853","targetHints":{"allow":["GET"]}}],"collection":[{"href":"https:\/\/themexicopost.com\/index.php?rest_route=\/wp\/v2\/posts"}],"about":[{"href":"https:\/\/themexicopost.com\/index.php?rest_route=\/wp\/v2\/types\/post"}],"author":[{"embeddable":true,"href":"https:\/\/themexicopost.com\/index.php?rest_route=\/wp\/v2\/users\/1"}],"replies":[{"embeddable":true,"href":"https:\/\/themexicopost.com\/index.php?rest_route=%2Fwp%2Fv2%2Fcomments&post=7853"}],"version-history":[{"count":1,"href":"https:\/\/themexicopost.com\/index.php?rest_route=\/wp\/v2\/posts\/7853\/revisions"}],"predecessor-version":[{"id":7856,"href":"https:\/\/themexicopost.com\/index.php?rest_route=\/wp\/v2\/posts\/7853\/revisions\/7856"}],"wp:featuredmedia":[{"embeddable":true,"href":"https:\/\/themexicopost.com\/index.php?rest_route=\/wp\/v2\/media\/7854"}],"wp:attachment":[{"href":"https:\/\/themexicopost.com\/index.php?rest_route=%2Fwp%2Fv2%2Fmedia&parent=7853"}],"wp:term":[{"taxonomy":"category","embeddable":true,"href":"https:\/\/themexicopost.com\/index.php?rest_route=%2Fwp%2Fv2%2Fcategories&post=7853"},{"taxonomy":"post_tag","embeddable":true,"href":"https:\/\/themexicopost.com\/index.php?rest_route=%2Fwp%2Fv2%2Ftags&post=7853"}],"curies":[{"name":"wp","href":"https:\/\/api.w.org\/{rel}","templated":true}]}}