{"id":7857,"date":"2023-04-04T15:16:10","date_gmt":"2023-04-04T15:16:10","guid":{"rendered":"https:\/\/themexicopost.com\/?p=7857"},"modified":"2023-04-04T15:16:12","modified_gmt":"2023-04-04T15:16:12","slug":"wallace-de-souza-es-suspendido-durante-un-ano-de-la-seleccion-de-brasil","status":"publish","type":"post","link":"https:\/\/themexicopost.com\/?p=7857","title":{"rendered":"Wallace de Souza es suspendido durante un a\u00f1o de la Selecci\u00f3n de Brasil"},"content":{"rendered":"\n<p class=\"has-drop-cap wp-block-paragraph\">El jugador de voleibol Wallace de Souza no podr\u00e1 jugar con la Selecci\u00f3n de Brasil durante un a\u00f1o por haber preguntado a sus seguidores en las redes sociales si disparar\u00edan en la cara al presidente Luiz In\u00e1cio Lula da Silva, seg\u00fan decidi\u00f3 este lunes el Comit\u00e9 Ol\u00edmpico Brasile\u00f1o (COB).<br><\/p>\n\n\n\n<p class=\"wp-block-paragraph\">El comit\u00e9 de \u00e9tica del COB tambi\u00e9n impuso a Wallace una suspensi\u00f3n de toda actividad deportiva durante 90 d\u00edas, por considerar que sus declaraciones \u201cpromueven e incitan la violencia\u201d.<br><\/p>\n\n\n\n<p class=\"wp-block-paragraph\">La sanci\u00f3n comienza a ser aplicada a partir del 3 de febrero, fecha en la que se le suspendi\u00f3 de forma cautelar, por lo que Wallace podr\u00e1 volver a jugar voleibol en mayo y podr\u00eda regresar a la selecci\u00f3n a partir de febrero de 2024.<br><\/p>\n\n\n\n<p class=\"wp-block-paragraph\">Wallace, medallista de oro en los Juegos Ol\u00edmpicos de R\u00edo de Janeiro 2016, tambi\u00e9n fue suspendido por tiempo indeterminado por su club, Cruzeiro, que le exigi\u00f3 que ofreciera disculpas.<br><\/p>\n\n\n\n<p class=\"wp-block-paragraph\">La pol\u00e9mica se desat\u00f3 cuando a finales de enero Wallace, un reconocido seguidor del expresidente Jair Bolsonaro, l\u00edder de la ultraderecha brasile\u00f1a, public\u00f3 una foto de un arma de fuego en su cuenta de Instagram.<br><\/p>\n\n\n\n<p class=\"wp-block-paragraph\">Entonces, uno de sus 370 mil seguidores le pregunt\u00f3 si usar\u00eda el arma para disparar en la cara al presidente Lula y \u00e9l respondi\u00f3 haciendo una encuesta en la que replicaba esa pregunta.<br><\/p>\n\n\n\n<p class=\"wp-block-paragraph\">Wallace borr\u00f3 el pol\u00e9mico sondeo horas despu\u00e9s de haberlo publicado, pero el Gobierno brasile\u00f1o y otras autoridades anunciaron medidas judiciales.<br><\/p>\n\n\n\n<p class=\"wp-block-paragraph\">El suceso ocurri\u00f3 tres semanas despu\u00e9s de los graves ataques perpetrados por miles de radicales de extrema derecha contra las sedes de la Presidencia, del Parlamento y del Tribunal Supremo, en un intento de derrocar a Lula, quien derrot\u00f3 a Bolsonaro en las urnas el pasado octubre.-<\/p>\n","protected":false},"excerpt":{"rendered":"<p>El jugador de voleibol Wallace de Souza no podr\u00e1 jugar con la Selecci\u00f3n de Brasil durante un a\u00f1o por haber preguntado a sus seguidores en las redes sociales si disparar\u00edan en la cara al presidente Luiz In\u00e1cio Lula da Silva, seg\u00fan decidi\u00f3 este lunes el Comit\u00e9 Ol\u00edmpico Brasile\u00f1o (COB). El comit\u00e9 de \u00e9tica del COB [&hellip;]<\/p>\n","protected":false},"author":1,"featured_media":7858,"comment_status":"closed","ping_status":"closed","sticky":false,"template":"","format":"standard","meta":{"footnotes":""},"categories":[79],"tags":[],"class_list":["post-7857","post","type-post","status-publish","format-standard","has-post-thumbnail","hentry","category-deportes"],"_links":{"self":[{"href":"https:\/\/themexicopost.com\/index.php?rest_route=\/wp\/v2\/posts\/7857","targetHints":{"allow":["GET"]}}],"collection":[{"href":"https:\/\/themexicopost.com\/index.php?rest_route=\/wp\/v2\/posts"}],"about":[{"href":"https:\/\/themexicopost.com\/index.php?rest_route=\/wp\/v2\/types\/post"}],"author":[{"embeddable":true,"href":"https:\/\/themexicopost.com\/index.php?rest_route=\/wp\/v2\/users\/1"}],"replies":[{"embeddable":true,"href":"https:\/\/themexicopost.com\/index.php?rest_route=%2Fwp%2Fv2%2Fcomments&post=7857"}],"version-history":[{"count":1,"href":"https:\/\/themexicopost.com\/index.php?rest_route=\/wp\/v2\/posts\/7857\/revisions"}],"predecessor-version":[{"id":7859,"href":"https:\/\/themexicopost.com\/index.php?rest_route=\/wp\/v2\/posts\/7857\/revisions\/7859"}],"wp:featuredmedia":[{"embeddable":true,"href":"https:\/\/themexicopost.com\/index.php?rest_route=\/wp\/v2\/media\/7858"}],"wp:attachment":[{"href":"https:\/\/themexicopost.com\/index.php?rest_route=%2Fwp%2Fv2%2Fmedia&parent=7857"}],"wp:term":[{"taxonomy":"category","embeddable":true,"href":"https:\/\/themexicopost.com\/index.php?rest_route=%2Fwp%2Fv2%2Fcategories&post=7857"},{"taxonomy":"post_tag","embeddable":true,"href":"https:\/\/themexicopost.com\/index.php?rest_route=%2Fwp%2Fv2%2Ftags&post=7857"}],"curies":[{"name":"wp","href":"https:\/\/api.w.org\/{rel}","templated":true}]}}