{"id":7863,"date":"2023-04-04T15:17:54","date_gmt":"2023-04-04T15:17:54","guid":{"rendered":"https:\/\/themexicopost.com\/?p=7863"},"modified":"2023-04-04T15:17:56","modified_gmt":"2023-04-04T15:17:56","slug":"acusan-a-gobierno-de-bukele-de-maquillar-cifras-de-homicidios","status":"publish","type":"post","link":"https:\/\/themexicopost.com\/?p=7863","title":{"rendered":"Acusan a gobierno de Bukele de maquillar cifras de homicidios"},"content":{"rendered":"\n<figure class=\"wp-block-pullquote\"><blockquote><p>Los muertos y cad\u00e1veres de las v\u00edctimas de dicho r\u00e9gimen en El Salvador se encuentran enterrados en fosas clandestinas o simplemente no son tomados en cuenta<\/p><\/blockquote><\/figure>\n\n\n\n<p class=\"has-drop-cap wp-block-paragraph\">En torno a las pol\u00edticas del r\u00e9gimen de excepciones en El Salvador, el presidente Nayib Bukele ha se\u00f1alado que dichos actos han causado los principales logros de su gobierno que consisten en la reducci\u00f3n de los homicidios como no se hab\u00eda visto en otros a\u00f1os, esto sin importar la suspensi\u00f3n de garant\u00eda que han tenido que vivir millones de salvadore\u00f1os.<br><\/p>\n\n\n\n<p class=\"wp-block-paragraph\">Lo anterior fue expuesto por Bukele a trav\u00e9s de un video subido a sus redes sociales oficiales en donde diversas opiniones se\u00f1alaron que el mandatario maquilla las cifras reales de lo que ha ocurrido en El Salvador.<br><\/p>\n\n\n\n<p class=\"wp-block-paragraph\">En torno a dichos reclamos el presidente salvadore\u00f1os ha se\u00f1alado que no se han manipulado de ninguna forma las cifras ya que: \u201cSi maquillamos los n\u00fameros\u2026 ah\u00ed estar\u00edan los cad\u00e1veres en las calles\u201d.<br><\/p>\n\n\n\n<p class=\"wp-block-paragraph\">De acuerdo con diversos medios, los muertos y cad\u00e1veres de las v\u00edctimas de dicho r\u00e9gimen se encuentran enterrados en fosas clandestinas o simplemente, a pesar de ser enterrados ante la ley, no son tomados en cuenta dentro de las cifras del gobierno.<br><\/p>\n\n\n\n<p class=\"wp-block-paragraph\">Por otro lado, de acuerdo con el medio Revista Elementos, la Polic\u00eda Nacional Civil (PNC) manten\u00eda en secreto documentos que despu\u00e9s fueron revelados en donde se puede observar c\u00f3mo el gobierno de Nayib Bukele ha reducido considerablemente las cifras de las personas que han muerto durante su gobierno.<br><\/p>\n\n\n\n<p class=\"wp-block-paragraph\">Lo anterior se debe tambi\u00e9n a la labor de los llamados Guacamaya Leaks quienes extrajeron los documentos donde el gobierno de Nayib Bukele durante su primer a\u00f1o solo report\u00f3 39 homicidios cuando en realidad fueron 67.<br><\/p>\n\n\n\n<p class=\"wp-block-paragraph\">Tambi\u00e9n se ha revelado que tan solo en abril y mayo del 2022 hubo alrededor de 97 \u00b4personas desaparecidas, de los cuales tan solo uno fue tomado en cuenta para las cifras de los homicidios en dicho pa\u00eds.<\/p>\n","protected":false},"excerpt":{"rendered":"<p>Los muertos y cad\u00e1veres de las v\u00edctimas de dicho r\u00e9gimen en El Salvador se encuentran enterrados en fosas clandestinas o simplemente no son tomados en cuenta En torno a las pol\u00edticas del r\u00e9gimen de excepciones en El Salvador, el presidente Nayib Bukele ha se\u00f1alado que dichos actos han causado los principales logros de su gobierno [&hellip;]<\/p>\n","protected":false},"author":1,"featured_media":7864,"comment_status":"closed","ping_status":"closed","sticky":false,"template":"","format":"standard","meta":{"footnotes":""},"categories":[80],"tags":[],"class_list":["post-7863","post","type-post","status-publish","format-standard","has-post-thumbnail","hentry","category-mundo"],"_links":{"self":[{"href":"https:\/\/themexicopost.com\/index.php?rest_route=\/wp\/v2\/posts\/7863","targetHints":{"allow":["GET"]}}],"collection":[{"href":"https:\/\/themexicopost.com\/index.php?rest_route=\/wp\/v2\/posts"}],"about":[{"href":"https:\/\/themexicopost.com\/index.php?rest_route=\/wp\/v2\/types\/post"}],"author":[{"embeddable":true,"href":"https:\/\/themexicopost.com\/index.php?rest_route=\/wp\/v2\/users\/1"}],"replies":[{"embeddable":true,"href":"https:\/\/themexicopost.com\/index.php?rest_route=%2Fwp%2Fv2%2Fcomments&post=7863"}],"version-history":[{"count":1,"href":"https:\/\/themexicopost.com\/index.php?rest_route=\/wp\/v2\/posts\/7863\/revisions"}],"predecessor-version":[{"id":7865,"href":"https:\/\/themexicopost.com\/index.php?rest_route=\/wp\/v2\/posts\/7863\/revisions\/7865"}],"wp:featuredmedia":[{"embeddable":true,"href":"https:\/\/themexicopost.com\/index.php?rest_route=\/wp\/v2\/media\/7864"}],"wp:attachment":[{"href":"https:\/\/themexicopost.com\/index.php?rest_route=%2Fwp%2Fv2%2Fmedia&parent=7863"}],"wp:term":[{"taxonomy":"category","embeddable":true,"href":"https:\/\/themexicopost.com\/index.php?rest_route=%2Fwp%2Fv2%2Fcategories&post=7863"},{"taxonomy":"post_tag","embeddable":true,"href":"https:\/\/themexicopost.com\/index.php?rest_route=%2Fwp%2Fv2%2Ftags&post=7863"}],"curies":[{"name":"wp","href":"https:\/\/api.w.org\/{rel}","templated":true}]}}