{"id":7872,"date":"2023-04-04T15:20:11","date_gmt":"2023-04-04T15:20:11","guid":{"rendered":"https:\/\/themexicopost.com\/?p=7872"},"modified":"2023-04-04T15:20:13","modified_gmt":"2023-04-04T15:20:13","slug":"instala-mara-lezama-el-consejo-para-el-desarrollo-insular-de-quintana-roo","status":"publish","type":"post","link":"https:\/\/themexicopost.com\/?p=7872","title":{"rendered":"Instala Mara Lezama el Consejo para el Desarrollo Insular de Quintana Roo"},"content":{"rendered":"\n<p class=\"wp-block-paragraph\">Al instalar el Consejo para el Desarrollo Insular de Quintana Roo, la gobernadora Mara Lezama Espinosa expres\u00f3 que ser\u00e1 fundamental para enriquecer la visi\u00f3n y fortalecer la planeaci\u00f3n, promoci\u00f3n y gesti\u00f3n del desarrollo de las islas del estado, dado que por sus caracter\u00edsticas requieren una consideraci\u00f3n especial para atender necesidades y planificar su crecimiento.<br><\/p>\n\n\n\n<p class=\"wp-block-paragraph\">\u201cEste foro ser\u00e1 muy \u00fatil para escuchar planteamientos ciudadanos, de las instituciones acad\u00e9micas, los organismos empresariales y la sociedad civil\u201d afirm\u00f3 la Gobernadora ante los integrantes de este Consejo, que es el \u00f3rgano de planeaci\u00f3n, gesti\u00f3n y de colaboraci\u00f3n para la generaci\u00f3n de pol\u00edticas p\u00fablicas que contribuyan a reducir las brechas de desigualdad en las islas de Cozumel, Isla Mujeres y Holbox.<br><\/p>\n\n\n\n<p class=\"wp-block-paragraph\">Mara Lezama consider\u00f3 que para hacer de Quintana Roo un mejor lugar para vivir, se tiene que lograr que todas y todos los habitantes prosperen, que vean reflejado el \u00e9xito tur\u00edstico en sus bolsillos, en las oportunidades para sus familias, en la educaci\u00f3n, la salud y seguridad.<br><\/p>\n\n\n\n<figure class=\"wp-block-image size-large\"><img fetchpriority=\"high\" decoding=\"async\" width=\"1024\" height=\"683\" src=\"https:\/\/themexicopost.com\/wp-content\/uploads\/2023\/04\/instala-1024x683.jpg\" alt=\"\" class=\"wp-image-7874\" srcset=\"https:\/\/themexicopost.com\/wp-content\/uploads\/2023\/04\/instala-1024x683.jpg 1024w, https:\/\/themexicopost.com\/wp-content\/uploads\/2023\/04\/instala-300x200.jpg 300w, https:\/\/themexicopost.com\/wp-content\/uploads\/2023\/04\/instala-768x512.jpg 768w, https:\/\/themexicopost.com\/wp-content\/uploads\/2023\/04\/instala-330x220.jpg 330w, https:\/\/themexicopost.com\/wp-content\/uploads\/2023\/04\/instala-420x280.jpg 420w, https:\/\/themexicopost.com\/wp-content\/uploads\/2023\/04\/instala-615x410.jpg 615w, https:\/\/themexicopost.com\/wp-content\/uploads\/2023\/04\/instala-860x573.jpg 860w, https:\/\/themexicopost.com\/wp-content\/uploads\/2023\/04\/instala.jpg 1200w\" sizes=\"(max-width: 1024px) 100vw, 1024px\" \/><\/figure>\n\n\n\n<p class=\"wp-block-paragraph\">La titular del Ejecutivo ofreci\u00f3 su respaldo para seguir dando pasos a favor del desarrollo insular, para seguir concretando acciones como la renovaci\u00f3n de cable submarino, el incremento de la conectividad mar\u00edtima y a\u00e9rea, la promoci\u00f3n de sus atractivos tur\u00edsticos, la diversificaci\u00f3n econ\u00f3mica, la proveedur\u00eda para el abastecimiento, as\u00ed como la prevenci\u00f3n de riesgos, entre otros<br><\/p>\n\n\n\n<p class=\"wp-block-paragraph\">Agradeci\u00f3 a los integrantes su disposici\u00f3n para trabajar de manera coordinada, pues para este gobierno del cambio verdadero, humanista y progresista, es fundamental integrar a toda la poblaci\u00f3n a trav\u00e9s de instrumentos de gobernanza, como el Nuevo Acuerdo por el Bienestar y Desarrollo de Quintana Roo.<br><\/p>\n\n\n\n<p class=\"wp-block-paragraph\">Mara Lezama entreg\u00f3 los nombramientos a los integrantes del Consejo Insular, ante quienes reiter\u00f3 hoy existe un gobierno de una profunda transformaci\u00f3n, que va m\u00e1s all\u00e1 del discurso y que trabaja para todas y todos, incluyendo las islas.<\/p>\n","protected":false},"excerpt":{"rendered":"<p>Al instalar el Consejo para el Desarrollo Insular de Quintana Roo, la gobernadora Mara Lezama Espinosa expres\u00f3 que ser\u00e1 fundamental para enriquecer la visi\u00f3n y fortalecer la planeaci\u00f3n, promoci\u00f3n y gesti\u00f3n del desarrollo de las islas del estado, dado que por sus caracter\u00edsticas requieren una consideraci\u00f3n especial para atender necesidades y planificar su crecimiento. \u201cEste [&hellip;]<\/p>\n","protected":false},"author":1,"featured_media":7873,"comment_status":"closed","ping_status":"closed","sticky":false,"template":"","format":"standard","meta":{"footnotes":""},"categories":[81],"tags":[],"class_list":["post-7872","post","type-post","status-publish","format-standard","has-post-thumbnail","hentry","category-nacional"],"_links":{"self":[{"href":"https:\/\/themexicopost.com\/index.php?rest_route=\/wp\/v2\/posts\/7872","targetHints":{"allow":["GET"]}}],"collection":[{"href":"https:\/\/themexicopost.com\/index.php?rest_route=\/wp\/v2\/posts"}],"about":[{"href":"https:\/\/themexicopost.com\/index.php?rest_route=\/wp\/v2\/types\/post"}],"author":[{"embeddable":true,"href":"https:\/\/themexicopost.com\/index.php?rest_route=\/wp\/v2\/users\/1"}],"replies":[{"embeddable":true,"href":"https:\/\/themexicopost.com\/index.php?rest_route=%2Fwp%2Fv2%2Fcomments&post=7872"}],"version-history":[{"count":1,"href":"https:\/\/themexicopost.com\/index.php?rest_route=\/wp\/v2\/posts\/7872\/revisions"}],"predecessor-version":[{"id":7875,"href":"https:\/\/themexicopost.com\/index.php?rest_route=\/wp\/v2\/posts\/7872\/revisions\/7875"}],"wp:featuredmedia":[{"embeddable":true,"href":"https:\/\/themexicopost.com\/index.php?rest_route=\/wp\/v2\/media\/7873"}],"wp:attachment":[{"href":"https:\/\/themexicopost.com\/index.php?rest_route=%2Fwp%2Fv2%2Fmedia&parent=7872"}],"wp:term":[{"taxonomy":"category","embeddable":true,"href":"https:\/\/themexicopost.com\/index.php?rest_route=%2Fwp%2Fv2%2Fcategories&post=7872"},{"taxonomy":"post_tag","embeddable":true,"href":"https:\/\/themexicopost.com\/index.php?rest_route=%2Fwp%2Fv2%2Ftags&post=7872"}],"curies":[{"name":"wp","href":"https:\/\/api.w.org\/{rel}","templated":true}]}}