{"id":7876,"date":"2023-04-04T15:24:46","date_gmt":"2023-04-04T15:24:46","guid":{"rendered":"https:\/\/themexicopost.com\/?p=7876"},"modified":"2023-04-04T15:24:47","modified_gmt":"2023-04-04T15:24:47","slug":"tomo-protesta-guadalupe-taddei-como-consejera-presidenta-del-ine","status":"publish","type":"post","link":"https:\/\/themexicopost.com\/?p=7876","title":{"rendered":"Tom\u00f3 protesta Guadalupe Taddei como consejera presidenta del INE"},"content":{"rendered":"\n<figure class=\"wp-block-pullquote\"><blockquote><p>La consejera presidenta dijo: \u201cestoy convencida que con el actuar cotidiano habremos de contribuir al incremento de la vida democr\u00e1tica y la calidad de la misma en el pa\u00eds\u201d.<\/p><\/blockquote><\/figure>\n\n\n\n<p class=\"has-drop-cap wp-block-paragraph\">Guadalupe Taddei asumi\u00f3 el cargo de consejera presidenta del Instituto Nacional Electoral (INE), en sesi\u00f3n protocolaria del Consejo General.<br><\/p>\n\n\n\n<p class=\"wp-block-paragraph\">El principio de la sesi\u00f3n fue encabezado por el secretario ejecutivo saliente, Edmundo Jacobo Molina.<br><\/p>\n\n\n\n<figure class=\"wp-block-image size-large\"><img fetchpriority=\"high\" decoding=\"async\" width=\"1024\" height=\"683\" src=\"https:\/\/themexicopost.com\/wp-content\/uploads\/2023\/04\/tomo-2-1024x683.jpg\" alt=\"\" class=\"wp-image-7878\" srcset=\"https:\/\/themexicopost.com\/wp-content\/uploads\/2023\/04\/tomo-2-1024x683.jpg 1024w, https:\/\/themexicopost.com\/wp-content\/uploads\/2023\/04\/tomo-2-300x200.jpg 300w, https:\/\/themexicopost.com\/wp-content\/uploads\/2023\/04\/tomo-2-768x512.jpg 768w, https:\/\/themexicopost.com\/wp-content\/uploads\/2023\/04\/tomo-2-330x220.jpg 330w, https:\/\/themexicopost.com\/wp-content\/uploads\/2023\/04\/tomo-2-420x280.jpg 420w, https:\/\/themexicopost.com\/wp-content\/uploads\/2023\/04\/tomo-2-615x410.jpg 615w, https:\/\/themexicopost.com\/wp-content\/uploads\/2023\/04\/tomo-2-860x573.jpg 860w, https:\/\/themexicopost.com\/wp-content\/uploads\/2023\/04\/tomo-2.jpg 1200w\" sizes=\"(max-width: 1024px) 100vw, 1024px\" \/><\/figure>\n\n\n\n<p class=\"wp-block-paragraph\">Primero tom\u00f3 posesi\u00f3n la consejera presidenta, con la siguiente protesta:<br><\/p>\n\n\n\n<p class=\"wp-block-paragraph\">Protesto hacer guardar y hacer guardar la constituci\u00f3n de los Estados Unidos Mexicanos, las leyes que de ella emanen, la ley General de Instituciones y Procedimientos Electorales y honrar los principios que rigen la materia electoral, cumplir leal y patri\u00f3ticamente el encargo que la C\u00e1mara de Diputados nos ha encomendado y si no lo hiciere as\u00ed que el pueblo y la naci\u00f3n me lo demanden. Protesto.<br><\/p>\n\n\n\n<p class=\"wp-block-paragraph\">Ya con el cargo, Taddei tom\u00f3 protesta a los tres nuevos consejeros: Rita Bell L\u00f3pez, Arturo Castillo Loza y Jorge Monta\u00f1o Ventura.<br><\/p>\n\n\n\n<p class=\"wp-block-paragraph\">La consejera presidenta a\u00f1adi\u00f3: \u201cestoy convencida que con el actuar cotidiano habremos de contribuir al incremento de la vida democr\u00e1tica y la calidad de la misma en el pa\u00eds\u201d.<\/p>\n","protected":false},"excerpt":{"rendered":"<p>La consejera presidenta dijo: \u201cestoy convencida que con el actuar cotidiano habremos de contribuir al incremento de la vida democr\u00e1tica y la calidad de la misma en el pa\u00eds\u201d. Guadalupe Taddei asumi\u00f3 el cargo de consejera presidenta del Instituto Nacional Electoral (INE), en sesi\u00f3n protocolaria del Consejo General. El principio de la sesi\u00f3n fue encabezado [&hellip;]<\/p>\n","protected":false},"author":1,"featured_media":7877,"comment_status":"closed","ping_status":"closed","sticky":false,"template":"","format":"standard","meta":{"footnotes":""},"categories":[81],"tags":[],"class_list":["post-7876","post","type-post","status-publish","format-standard","has-post-thumbnail","hentry","category-nacional"],"_links":{"self":[{"href":"https:\/\/themexicopost.com\/index.php?rest_route=\/wp\/v2\/posts\/7876","targetHints":{"allow":["GET"]}}],"collection":[{"href":"https:\/\/themexicopost.com\/index.php?rest_route=\/wp\/v2\/posts"}],"about":[{"href":"https:\/\/themexicopost.com\/index.php?rest_route=\/wp\/v2\/types\/post"}],"author":[{"embeddable":true,"href":"https:\/\/themexicopost.com\/index.php?rest_route=\/wp\/v2\/users\/1"}],"replies":[{"embeddable":true,"href":"https:\/\/themexicopost.com\/index.php?rest_route=%2Fwp%2Fv2%2Fcomments&post=7876"}],"version-history":[{"count":1,"href":"https:\/\/themexicopost.com\/index.php?rest_route=\/wp\/v2\/posts\/7876\/revisions"}],"predecessor-version":[{"id":7879,"href":"https:\/\/themexicopost.com\/index.php?rest_route=\/wp\/v2\/posts\/7876\/revisions\/7879"}],"wp:featuredmedia":[{"embeddable":true,"href":"https:\/\/themexicopost.com\/index.php?rest_route=\/wp\/v2\/media\/7877"}],"wp:attachment":[{"href":"https:\/\/themexicopost.com\/index.php?rest_route=%2Fwp%2Fv2%2Fmedia&parent=7876"}],"wp:term":[{"taxonomy":"category","embeddable":true,"href":"https:\/\/themexicopost.com\/index.php?rest_route=%2Fwp%2Fv2%2Fcategories&post=7876"},{"taxonomy":"post_tag","embeddable":true,"href":"https:\/\/themexicopost.com\/index.php?rest_route=%2Fwp%2Fv2%2Ftags&post=7876"}],"curies":[{"name":"wp","href":"https:\/\/api.w.org\/{rel}","templated":true}]}}