{"id":7880,"date":"2023-04-04T15:25:56","date_gmt":"2023-04-04T15:25:56","guid":{"rendered":"https:\/\/themexicopost.com\/?p=7880"},"modified":"2023-04-04T15:25:57","modified_gmt":"2023-04-04T15:25:57","slug":"la-innovacion-no-tiene-sentido-si-no-llega-a-los-pacientes","status":"publish","type":"post","link":"https:\/\/themexicopost.com\/?p=7880","title":{"rendered":"La innovaci\u00f3n no tiene sentido si no llega a los pacientes"},"content":{"rendered":"\n<figure class=\"wp-block-pullquote\"><blockquote><p><strong>Por Maribel Ram\u00edrez Coronel<\/strong><\/p><\/blockquote><\/figure>\n\n\n\n<p class=\"wp-block-paragraph\">Los directivos de compa\u00f1\u00edas farmac\u00e9uticas est\u00e1n convencidos de ello, de que la innovaci\u00f3n generada para atender la salud de la humanidad no tiene sentido alguno si no logra llegar a quienes la necesitan, a los pacientes.<\/p>\n\n\n\n<p class=\"wp-block-paragraph\">\u00bfPero c\u00f3mo va a llegar y ser accesible si los tratamientos de \u00faltima generaci\u00f3n surgen a precios demasiado elevados? En los \u00faltimos a\u00f1os la industria farmac\u00e9utica ha lanzado medicamentos que cuestan miles de d\u00f3lares al mes y que implican, ya no digamos la cura, sino apenas una ligera ganancia de sobrevida para ciertos tipos de c\u00e1ncer, por ejemplo.<\/p>\n\n\n\n<p class=\"wp-block-paragraph\">Al respecto a Thomas Cueni, director general de la Asociaci\u00f2n Internacional de Productores y Asociaciones Farmac\u00e9uticas (IFPMA), reconoce que es hoy el gran desaf\u00edo de este sector; que el tema se viene abordando desde hace tiempo en las reuniones con Naciones Unidas (ONU) y que ha sido una discusi\u00f3n recurrente ahora con la pandemia, de ah\u00ed por ejemplo el esfuerzo de la iniciativa Covax para un reparto m\u00e1s equitativo y accesible de las vacunas anticovid a todo el mundo.<\/p>\n\n\n\n<p class=\"wp-block-paragraph\">En el marco de la Semana de Innovaci\u00f3n que organiza anualmente la Asociaci\u00f3n Mexicana de Industrias de Investigaci\u00f3n Farmac\u00e9utica (AMIIF), Cueni nos comenta que entre la industria farmac\u00e9utica de innovaci\u00f3n hay cada vez mayor disposici\u00f2n de explorar avenidas nuevas para el acceso; una de ellas es la opci\u00f3n de pago en funci\u00f3n de resultados, lo que de conseguirse podr\u00eda tener un impacto positivo en la salud, y no s\u00f3lo por el tratamiento, sino por un abordaje integral de las enfermedades.<\/p>\n\n\n\n<p class=\"wp-block-paragraph\">La experiencia de la pandemia, nos dice, hizo ver la aportaci\u00f3n de la industria de innovaci\u00f3n farmac\u00e9utica porque fue del sector privado de donde surgieron tanto las vacunas como los tratamientos con los que se sigue atendiendo el Covid19, y hay que reconocer la importancia de tener un sistema de innovaci\u00f3n fuerte. Debido a la pandemia se perdieron m\u00e1s de 6 millones de vidas a nivel mundial. Y en cuanto a las p\u00e9rdidas econ\u00f3micas fueron m\u00e1s de 13 trillones de d\u00f3lares, seg\u00fan estimaciones del Fondo Monetario Internacional (FMI).<\/p>\n\n\n\n<p class=\"wp-block-paragraph\">Los directivos de compa\u00f1\u00edas farmac\u00e9uticas est\u00e1n convencidos de ello, de que la innovaci\u00f3n generada para atender la salud de la humanidad no tiene sentido alguno si no logra llegar a quienes la necesitan, a los pacientes.<\/p>\n\n\n\n<p class=\"wp-block-paragraph\">\u00bfPero c\u00f3mo va a llegar y ser accesible si los tratamientos de \u00faltima generaci\u00f3n surgen a precios demasiado elevados? En los \u00faltimos a\u00f1os la industria farmac\u00e9utica ha lanzado medicamentos que cuestan miles de d\u00f3lares al mes y que implican, ya no digamos la cura, sino apenas una ligera ganancia de sobrevida para ciertos tipos de c\u00e1ncer, por ejemplo.<\/p>\n\n\n\n<p class=\"wp-block-paragraph\">Al respecto a Thomas Cueni, director general de la Asociaci\u00f2n Internacional de Productores y Asociaciones Farmac\u00e9uticas (IFPMA), reconoce que es hoy el gran desaf\u00edo de este sector; que el tema se viene abordando desde hace tiempo en las reuniones con Naciones Unidas (ONU) y que ha sido una discusi\u00f3n recurrente ahora con la pandemia, de ah\u00ed por ejemplo el esfuerzo de la iniciativa Covax para un reparto m\u00e1s equitativo y accesible de las vacunas anticovid a todo el mundo.<\/p>\n\n\n\n<p class=\"wp-block-paragraph\">En el marco de la Semana de Innovaci\u00f3n que organiza anualmente la Asociaci\u00f3n Mexicana de Industrias de Investigaci\u00f3n Farmac\u00e9utica (AMIIF), Cueni nos comenta que entre la industria farmac\u00e9utica de innovaci\u00f3n hay cada vez mayor disposici\u00f2n de explorar avenidas nuevas para el acceso; una de ellas es la opci\u00f3n de pago en funci\u00f3n de resultados, lo que de conseguirse podr\u00eda tener un impacto positivo en la salud, y no s\u00f3lo por el tratamiento, sino por un abordaje integral de las enfermedades.<\/p>\n\n\n\n<p class=\"wp-block-paragraph\">La experiencia de la pandemia, nos dice, hizo ver la aportaci\u00f3n de la industria de innovaci\u00f3n farmac\u00e9utica porque fue del sector privado de donde surgieron tanto las vacunas como los tratamientos con los que se sigue atendiendo el Covid19, y hay que reconocer la importancia de tener un sistema de innovaci\u00f3n fuerte. Debido a la pandemia se perdieron m\u00e1s de 6 millones de vidas a nivel mundial. Y en cuanto a las p\u00e9rdidas econ\u00f3micas fueron m\u00e1s de 13 trillones de d\u00f3lares, seg\u00fan estimaciones del Fondo Monetario Internacional (FMI).<\/p>\n","protected":false},"excerpt":{"rendered":"<p>Por Maribel Ram\u00edrez Coronel Los directivos de compa\u00f1\u00edas farmac\u00e9uticas est\u00e1n convencidos de ello, de que la innovaci\u00f3n generada para atender la salud de la humanidad no tiene sentido alguno si no logra llegar a quienes la necesitan, a los pacientes. \u00bfPero c\u00f3mo va a llegar y ser accesible si los tratamientos de \u00faltima generaci\u00f3n surgen [&hellip;]<\/p>\n","protected":false},"author":1,"featured_media":7881,"comment_status":"closed","ping_status":"closed","sticky":false,"template":"","format":"standard","meta":{"footnotes":""},"categories":[84],"tags":[],"class_list":["post-7880","post","type-post","status-publish","format-standard","has-post-thumbnail","hentry","category-editorial"],"_links":{"self":[{"href":"https:\/\/themexicopost.com\/index.php?rest_route=\/wp\/v2\/posts\/7880","targetHints":{"allow":["GET"]}}],"collection":[{"href":"https:\/\/themexicopost.com\/index.php?rest_route=\/wp\/v2\/posts"}],"about":[{"href":"https:\/\/themexicopost.com\/index.php?rest_route=\/wp\/v2\/types\/post"}],"author":[{"embeddable":true,"href":"https:\/\/themexicopost.com\/index.php?rest_route=\/wp\/v2\/users\/1"}],"replies":[{"embeddable":true,"href":"https:\/\/themexicopost.com\/index.php?rest_route=%2Fwp%2Fv2%2Fcomments&post=7880"}],"version-history":[{"count":1,"href":"https:\/\/themexicopost.com\/index.php?rest_route=\/wp\/v2\/posts\/7880\/revisions"}],"predecessor-version":[{"id":7882,"href":"https:\/\/themexicopost.com\/index.php?rest_route=\/wp\/v2\/posts\/7880\/revisions\/7882"}],"wp:featuredmedia":[{"embeddable":true,"href":"https:\/\/themexicopost.com\/index.php?rest_route=\/wp\/v2\/media\/7881"}],"wp:attachment":[{"href":"https:\/\/themexicopost.com\/index.php?rest_route=%2Fwp%2Fv2%2Fmedia&parent=7880"}],"wp:term":[{"taxonomy":"category","embeddable":true,"href":"https:\/\/themexicopost.com\/index.php?rest_route=%2Fwp%2Fv2%2Fcategories&post=7880"},{"taxonomy":"post_tag","embeddable":true,"href":"https:\/\/themexicopost.com\/index.php?rest_route=%2Fwp%2Fv2%2Ftags&post=7880"}],"curies":[{"name":"wp","href":"https:\/\/api.w.org\/{rel}","templated":true}]}}