{"id":7884,"date":"2023-04-05T13:18:30","date_gmt":"2023-04-05T13:18:30","guid":{"rendered":"https:\/\/themexicopost.com\/?p=7884"},"modified":"2023-04-05T13:18:31","modified_gmt":"2023-04-05T13:18:31","slug":"recortara-walmart-usa-mas-de-dos-mil-empleos","status":"publish","type":"post","link":"https:\/\/themexicopost.com\/?p=7884","title":{"rendered":"Recortar\u00e1 Walmart USA m\u00e1s de dos mil empleos"},"content":{"rendered":"\n<figure class=\"wp-block-pullquote\"><blockquote><p>La empresa hab\u00eda pedido a sus empleados que buscaran trabajo en otras ubicaciones de la misma empresa.<\/p><\/blockquote><\/figure>\n\n\n\n<p class=\"has-drop-cap wp-block-paragraph\">La cadena de tiendas Walmart se une a la lista de empresas estadounidenses en anunciar recortes masivos de personal, luego de anunciar ayer que recortar\u00e1 m\u00e1s de 2,000 puestos de trabajo en cinco almacenes de comercio electr\u00f3nico de Estados Unidos.<br><\/p>\n\n\n\n<p class=\"wp-block-paragraph\">Los despidos incluyen m\u00e1s de 1,000 empleos en un almac\u00e9n en Fort Worth, Texas, junto con 600 puestos de trabajo en un centro de cumplimiento de Pennsylvania, 400 en Florida y 200 en Nueva Jersey.<br><\/p>\n\n\n\n<p class=\"wp-block-paragraph\">A finales de marzo, la agencia Reuters inform\u00f3 que se hab\u00eda pedido a cientos de trabajadores de cinco instalaciones de Walmart que atienden los pedidos de comercio electr\u00f3nico que buscaran trabajo en un plazo de 90 d\u00edas en otras ubicaciones de la empresa.<br><\/p>\n\n\n\n<p class=\"wp-block-paragraph\">El d\u00eda de ayer se dio a conocer que McDonald\u2019s cerrar\u00e1 temporalmente sus oficinas de Estados Unidos esta semana mientras se prepara para informar a los empleados corporativos sobre despidos emprendidos como parte de una reestructuraci\u00f3n m\u00e1s amplia de la empresa.<br><\/p>\n\n\n\n<p class=\"wp-block-paragraph\">El anuncio de recortes en McDonald\u2019s forma parte de una oleada de despidos en grandes empresas estadounidenses, incluyendo el minorista en l\u00ednea, Amazon, y a Meta Platforms, la matriz de Facebook.<br><\/p>\n\n\n\n<p class=\"wp-block-paragraph\">Estos despidos se suman a los m\u00e1s de 280,000 recortes que se han registrado desde principios de 2022, de los cuales cerca del 40% se han producido durante los primeros meses de este a\u00f1o.<\/p>\n","protected":false},"excerpt":{"rendered":"<p>La empresa hab\u00eda pedido a sus empleados que buscaran trabajo en otras ubicaciones de la misma empresa. La cadena de tiendas Walmart se une a la lista de empresas estadounidenses en anunciar recortes masivos de personal, luego de anunciar ayer que recortar\u00e1 m\u00e1s de 2,000 puestos de trabajo en cinco almacenes de comercio electr\u00f3nico de [&hellip;]<\/p>\n","protected":false},"author":1,"featured_media":7885,"comment_status":"closed","ping_status":"closed","sticky":false,"template":"","format":"standard","meta":{"footnotes":""},"categories":[83,85],"tags":[],"class_list":["post-7884","post","type-post","status-publish","format-standard","has-post-thumbnail","hentry","category-destacado","category-portada"],"_links":{"self":[{"href":"https:\/\/themexicopost.com\/index.php?rest_route=\/wp\/v2\/posts\/7884","targetHints":{"allow":["GET"]}}],"collection":[{"href":"https:\/\/themexicopost.com\/index.php?rest_route=\/wp\/v2\/posts"}],"about":[{"href":"https:\/\/themexicopost.com\/index.php?rest_route=\/wp\/v2\/types\/post"}],"author":[{"embeddable":true,"href":"https:\/\/themexicopost.com\/index.php?rest_route=\/wp\/v2\/users\/1"}],"replies":[{"embeddable":true,"href":"https:\/\/themexicopost.com\/index.php?rest_route=%2Fwp%2Fv2%2Fcomments&post=7884"}],"version-history":[{"count":1,"href":"https:\/\/themexicopost.com\/index.php?rest_route=\/wp\/v2\/posts\/7884\/revisions"}],"predecessor-version":[{"id":7886,"href":"https:\/\/themexicopost.com\/index.php?rest_route=\/wp\/v2\/posts\/7884\/revisions\/7886"}],"wp:featuredmedia":[{"embeddable":true,"href":"https:\/\/themexicopost.com\/index.php?rest_route=\/wp\/v2\/media\/7885"}],"wp:attachment":[{"href":"https:\/\/themexicopost.com\/index.php?rest_route=%2Fwp%2Fv2%2Fmedia&parent=7884"}],"wp:term":[{"taxonomy":"category","embeddable":true,"href":"https:\/\/themexicopost.com\/index.php?rest_route=%2Fwp%2Fv2%2Fcategories&post=7884"},{"taxonomy":"post_tag","embeddable":true,"href":"https:\/\/themexicopost.com\/index.php?rest_route=%2Fwp%2Fv2%2Ftags&post=7884"}],"curies":[{"name":"wp","href":"https:\/\/api.w.org\/{rel}","templated":true}]}}