{"id":7887,"date":"2023-04-05T13:19:37","date_gmt":"2023-04-05T13:19:37","guid":{"rendered":"https:\/\/themexicopost.com\/?p=7887"},"modified":"2023-04-05T13:19:38","modified_gmt":"2023-04-05T13:19:38","slug":"son-detenidas-en-suecia-cinco-personas-por-planear-un-atentado-terrorista","status":"publish","type":"post","link":"https:\/\/themexicopost.com\/?p=7887","title":{"rendered":"Son detenidas en Suecia cinco personas por planear un atentado terrorista"},"content":{"rendered":"\n<figure class=\"wp-block-pullquote\"><blockquote><p>El servicio de inteligencia del pa\u00eds n\u00f3rdico indic\u00f3 que ten\u00edan conexiones con el \u201cislamismo extremista\u201d. Sospechan que el caso podr\u00eda estar vinculado con la quema de un Cor\u00e1n por parte de un ultraderechista dan\u00e9s-sueco en enero<\/p><\/blockquote><\/figure>\n\n\n\n<p class=\"has-drop-cap wp-block-paragraph\">Cinco personas han sido detenidas en Suecia por planear un atentado terrorista, informaron este martes los servicios de inteligencia de este pa\u00eds n\u00f3rdico (S\u00e4po), que apuntaron a que ten\u00edan conexiones con el \u201cislamismo extremista\u201d.<br><\/p>\n\n\n\n<p class=\"wp-block-paragraph\">Las detenciones se produjeron el lunes en tres localidades distintas, en una acci\u00f3n en la que participaron fuerzas de la Polic\u00eda Nacional y en la que se registraron varias viviendas.<br><\/p>\n\n\n\n<p class=\"wp-block-paragraph\">El ultraderechista dan\u00e9s-sueco Rasmus Paludan quem\u00f3 un ejemplar del Cor\u00e1n delante de la Embajada turca en Estocolmo, lo que provoc\u00f3 protestas en varios pa\u00edses musulmanes y que el presidente turco, Recep Tayyip Erdogan, paralizase las negociaciones con Suecia y Finlandia sobre su ingreso en la OTAN.<br><\/p>\n\n\n\n<p class=\"wp-block-paragraph\">La entrada de Suecia y Finlandia en la Alianza, motivada por la intervenci\u00f3n militar rusa en Ucrania y que pone fin a dos siglos de no alineaci\u00f3n militar, fue aprobada en la cumbre de junio pasado en Madrid, despu\u00e9s de que Turqu\u00eda levantase a \u00faltima hora su veto a cambio de ciertas condiciones, plasmadas en un acuerdo.<br><\/p>\n\n\n\n<p class=\"wp-block-paragraph\">Los parlamentos de Turqu\u00eda y Hungr\u00eda, los dos \u00faltimos pa\u00edses miembros de la OTAN que faltaban por hacerlo, dieron la semana pasada luz verde a Finlandia, que ya es oficialmente parte de la Alianza, pero mantienen el recelo con Estocolmo.<br><\/p>\n\n\n\n<p class=\"wp-block-paragraph\">Hungr\u00eda reprocha a Suecia su actitud \u201chostil\u201d, mientras que Turqu\u00eda considera que no hace lo suficiente en su lucha contra el terrorismo, en especial de origen kurdo.<br><\/p>\n\n\n\n<p class=\"wp-block-paragraph\">El Gobierno sueco ha declarado en varias ocasiones que ha cumplido el memorando acordado en Madrid, a falta de una nueva legislaci\u00f3n antiterrorista que ser\u00e1 aprobada el 1 de junio por el Parlamento, y que no tiene pensado tomar medidas adicionales.<br><\/p>\n\n\n\n<p class=\"wp-block-paragraph\">Estocolmo conf\u00eda en formalizar su ingreso en la pr\u00f3xima cumbre de la OTAN en julio en Vilna.<\/p>\n","protected":false},"excerpt":{"rendered":"<p>El servicio de inteligencia del pa\u00eds n\u00f3rdico indic\u00f3 que ten\u00edan conexiones con el \u201cislamismo extremista\u201d. Sospechan que el caso podr\u00eda estar vinculado con la quema de un Cor\u00e1n por parte de un ultraderechista dan\u00e9s-sueco en enero Cinco personas han sido detenidas en Suecia por planear un atentado terrorista, informaron este martes los servicios de inteligencia [&hellip;]<\/p>\n","protected":false},"author":1,"featured_media":7888,"comment_status":"closed","ping_status":"closed","sticky":false,"template":"","format":"standard","meta":{"footnotes":""},"categories":[83,85],"tags":[],"class_list":["post-7887","post","type-post","status-publish","format-standard","has-post-thumbnail","hentry","category-destacado","category-portada"],"_links":{"self":[{"href":"https:\/\/themexicopost.com\/index.php?rest_route=\/wp\/v2\/posts\/7887","targetHints":{"allow":["GET"]}}],"collection":[{"href":"https:\/\/themexicopost.com\/index.php?rest_route=\/wp\/v2\/posts"}],"about":[{"href":"https:\/\/themexicopost.com\/index.php?rest_route=\/wp\/v2\/types\/post"}],"author":[{"embeddable":true,"href":"https:\/\/themexicopost.com\/index.php?rest_route=\/wp\/v2\/users\/1"}],"replies":[{"embeddable":true,"href":"https:\/\/themexicopost.com\/index.php?rest_route=%2Fwp%2Fv2%2Fcomments&post=7887"}],"version-history":[{"count":1,"href":"https:\/\/themexicopost.com\/index.php?rest_route=\/wp\/v2\/posts\/7887\/revisions"}],"predecessor-version":[{"id":7889,"href":"https:\/\/themexicopost.com\/index.php?rest_route=\/wp\/v2\/posts\/7887\/revisions\/7889"}],"wp:featuredmedia":[{"embeddable":true,"href":"https:\/\/themexicopost.com\/index.php?rest_route=\/wp\/v2\/media\/7888"}],"wp:attachment":[{"href":"https:\/\/themexicopost.com\/index.php?rest_route=%2Fwp%2Fv2%2Fmedia&parent=7887"}],"wp:term":[{"taxonomy":"category","embeddable":true,"href":"https:\/\/themexicopost.com\/index.php?rest_route=%2Fwp%2Fv2%2Fcategories&post=7887"},{"taxonomy":"post_tag","embeddable":true,"href":"https:\/\/themexicopost.com\/index.php?rest_route=%2Fwp%2Fv2%2Ftags&post=7887"}],"curies":[{"name":"wp","href":"https:\/\/api.w.org\/{rel}","templated":true}]}}