{"id":7901,"date":"2023-04-05T13:26:50","date_gmt":"2023-04-05T13:26:50","guid":{"rendered":"https:\/\/themexicopost.com\/?p=7901"},"modified":"2023-04-05T13:28:20","modified_gmt":"2023-04-05T13:28:20","slug":"rusia-amenaza-con-responder-con-aumentar-su-despliegue-militar-por-ingreso-de-finlandia-a-la-otan","status":"publish","type":"post","link":"https:\/\/themexicopost.com\/?p=7901","title":{"rendered":"Rusia amenaza con responder con aumentar su despliegue militar por ingreso de Finlandia a la OTAN"},"content":{"rendered":"\n<figure class=\"wp-block-pullquote\"><blockquote><p>Tras la invasi\u00f3n a Ucrania, Putin aceler\u00f3 lo que quer\u00eda evitar: una mayor expansi\u00f3n de la alianza de defensa occidental junto a las fronteras de su pa\u00eds.<\/p><\/blockquote><\/figure>\n\n\n\n<p class=\"has-drop-cap wp-block-paragraph\">Lo que Vladimir Putin quer\u00eda evitar se ve concretado tras la invasi\u00f3n a Ucrania: la OTAN extiende sus fronteras. Horas antes del ingreso de Finlandia a la alianza atl\u00e1ntica de defensa, Rusia anunci\u00f3 que responder\u00e1 fortaleciendo su potencial militar en su frontera occidental y noroccidental.<br><\/p>\n\n\n\n<p class=\"wp-block-paragraph\">\u201cParte de las medidas ya fueron anunciadas. Fortaleceremos nuestro potencial militar en las fronteras occidental y noroccidental\u201d, afirm\u00f3 alert\u00f3 el viceministro de Exteriores ruso, Alexandr Grushk\u00f3, en declaraciones a la agencia RIA N\u00f3vosti.<br><\/p>\n\n\n\n<p class=\"wp-block-paragraph\">Grushk\u00f3 a\u00f1adi\u00f3 que \u201cen caso de que se emplacen en Finlandia fuerzas y medios de otros pa\u00edses de la OTAN, daremos pasos adicionales para garantizar la seguridad militar de Rusia\u201d.<br><\/p>\n\n\n\n<p class=\"wp-block-paragraph\">Por su parte, el Kremlin conden\u00f3 el ingreso de Finlandia y dijo que representaba \u201cel \u00faltimo agravamiento de la situaci\u00f3n\u201d.<br><\/p>\n\n\n\n<p class=\"wp-block-paragraph\">\u201cLa expansi\u00f3n de la OTAN es un asalto a nuestra seguridad y a los intereses nacionales de Rusia\u201d, declar\u00f3 a la prensa el portavoz del Kremlin, Dmitri Peskov.<br><\/p>\n\n\n\n<p class=\"wp-block-paragraph\">\u201cEl Kremlin considera que se trata del \u00faltimo agravamiento de la situaci\u00f3n\u201d, declar\u00f3 el portavoz del Kremlin, Dmitry Peskov. \u201cY esto nos obliga a tomar contramedidas\u2026 en t\u00e9rminos t\u00e1cticos y estrat\u00e9gicos\u201d.<br><\/p>\n\n\n\n<p class=\"wp-block-paragraph\">La OTAN acoger\u00e1 a Finlandia como el trig\u00e9simo primer miembro formal de la Alianza, una vez concluido su proceso de adhesi\u00f3n, con una ceremonia el mismo d\u00eda en que se re\u00fanen los ministros de Exteriores aliados en la sede de la organizaci\u00f3n.<br><\/p>\n\n\n\n<p class=\"wp-block-paragraph\">Con el ingreso de Finlandia, consecuencia directa de la invasi\u00f3n rusa de Ucrania, la OTAN suma 1.300 kil\u00f3metros de frontera directa con Rusia.<br><\/p>\n\n\n\n<p class=\"wp-block-paragraph\">Finlandia aportar\u00e1 a la OTAN un contingente de 280.000 soldados y uno de los mayores arsenales de artiller\u00eda en Europa. Este martes Finlandia tendr\u00e1 su bandera en la explanada de la sede de la OTAN en Bruselas, concretando su proceso de integraci\u00f3n a la instituci\u00f3n transatl\u00e1ntica.<br><\/p>\n\n\n\n<p class=\"wp-block-paragraph\">Aunque Mosc\u00fa ha tratado de restar importancia a la decisi\u00f3n tomada por Finlandia y Suecia de sumarse a la OTAN, s\u00ed ha expresado en varias ocasiones su insatisfacci\u00f3n al respecto y ha advertido que tomar\u00e1 medidas en dependencia de la situaci\u00f3n.<br><\/p>\n\n\n\n<p class=\"wp-block-paragraph\">El presidente ruso, Vlad\u00edmir Putin, se\u00f1al\u00f3 que Rusia no tiene \u201cinquietudes ni reclamaciones territoriales\u201d con estos pa\u00edses, que pidieron su adhesi\u00f3n a la Alianza Atl\u00e1ntica tras el comienzo de la campa\u00f1a militar rusa en Ucrania.<br><\/p>\n\n\n\n<p class=\"wp-block-paragraph\">\u201cNo hay nada que nos pueda preocupar respecto a la pertenencia de Finlandia y Suecia a la OTAN. Si eso es lo que quieren, pues adelante\u201d, a\u00f1adi\u00f3 el presidente ruso, que sin embargo, no descart\u00f3 \u201cdeterminadas tensiones\u201d si estos pa\u00edses \u201cgeneran amenazas\u201d.-<\/p>\n","protected":false},"excerpt":{"rendered":"<p>Tras la invasi\u00f3n a Ucrania, Putin aceler\u00f3 lo que quer\u00eda evitar: una mayor expansi\u00f3n de la alianza de defensa occidental junto a las fronteras de su pa\u00eds. Lo que Vladimir Putin quer\u00eda evitar se ve concretado tras la invasi\u00f3n a Ucrania: la OTAN extiende sus fronteras. Horas antes del ingreso de Finlandia a la alianza [&hellip;]<\/p>\n","protected":false},"author":1,"featured_media":7902,"comment_status":"closed","ping_status":"closed","sticky":false,"template":"","format":"standard","meta":{"footnotes":""},"categories":[83,80],"tags":[],"class_list":["post-7901","post","type-post","status-publish","format-standard","has-post-thumbnail","hentry","category-destacado","category-mundo"],"_links":{"self":[{"href":"https:\/\/themexicopost.com\/index.php?rest_route=\/wp\/v2\/posts\/7901","targetHints":{"allow":["GET"]}}],"collection":[{"href":"https:\/\/themexicopost.com\/index.php?rest_route=\/wp\/v2\/posts"}],"about":[{"href":"https:\/\/themexicopost.com\/index.php?rest_route=\/wp\/v2\/types\/post"}],"author":[{"embeddable":true,"href":"https:\/\/themexicopost.com\/index.php?rest_route=\/wp\/v2\/users\/1"}],"replies":[{"embeddable":true,"href":"https:\/\/themexicopost.com\/index.php?rest_route=%2Fwp%2Fv2%2Fcomments&post=7901"}],"version-history":[{"count":2,"href":"https:\/\/themexicopost.com\/index.php?rest_route=\/wp\/v2\/posts\/7901\/revisions"}],"predecessor-version":[{"id":7904,"href":"https:\/\/themexicopost.com\/index.php?rest_route=\/wp\/v2\/posts\/7901\/revisions\/7904"}],"wp:featuredmedia":[{"embeddable":true,"href":"https:\/\/themexicopost.com\/index.php?rest_route=\/wp\/v2\/media\/7902"}],"wp:attachment":[{"href":"https:\/\/themexicopost.com\/index.php?rest_route=%2Fwp%2Fv2%2Fmedia&parent=7901"}],"wp:term":[{"taxonomy":"category","embeddable":true,"href":"https:\/\/themexicopost.com\/index.php?rest_route=%2Fwp%2Fv2%2Fcategories&post=7901"},{"taxonomy":"post_tag","embeddable":true,"href":"https:\/\/themexicopost.com\/index.php?rest_route=%2Fwp%2Fv2%2Ftags&post=7901"}],"curies":[{"name":"wp","href":"https:\/\/api.w.org\/{rel}","templated":true}]}}