{"id":7912,"date":"2023-04-05T14:58:54","date_gmt":"2023-04-05T14:58:54","guid":{"rendered":"https:\/\/themexicopost.com\/?p=7912"},"modified":"2023-04-05T14:58:55","modified_gmt":"2023-04-05T14:58:55","slug":"destina-lula-126-mdd-para-proteger-a-los-pueblos-indigenas-en-brasil","status":"publish","type":"post","link":"https:\/\/themexicopost.com\/?p=7912","title":{"rendered":"Destina Lula 126 MDD para proteger a los pueblos ind\u00edgenas en Brasil"},"content":{"rendered":"\n<figure class=\"wp-block-pullquote\"><blockquote><p>Tras asumir su tercer mandato a principios de a\u00f1o, el presidente resalt\u00f3 su compromiso en defender los derechos de las comunidades tradicionales.<\/p><\/blockquote><\/figure>\n\n\n\n<p class=\"has-drop-cap wp-block-paragraph\">El presidente de Brasil, Luiz In\u00e1cio Lula da Silva, firm\u00f3 una medida provisional para abrir un cr\u00e9dito extraordinario de 640 millones de reales (unos 126 millones de d\u00f3lares) para proteger a los pueblos ind\u00edgenas y sus territorios.<br><\/p>\n\n\n\n<p class=\"wp-block-paragraph\">Con este monto, que todav\u00eda debe ser aprobado por el Congreso, el gobierno del izquierdista busca cumplir con las exigencias del juez Lu\u00eds Roberto Barroso, que puso en marcha un plan para retirar a todos los &#8216;garimpeiros&#8217; (mineros ilegales) de tierras ind\u00edgenas y hacer as\u00ed frente a la crisis humanitaria que viven comunidades ind\u00edgenas, como las yanomamis.<br><\/p>\n\n\n\n<p class=\"wp-block-paragraph\">Barroso exigi\u00f3 al Ejecutivo la puesta en marcha de medidas de emergencia para proteger la vida, la salud y la seguridad de las comunidades ind\u00edgenas, y la apertura de un cr\u00e9dito extraordinario para cubrir estas necesidades.<br><\/p>\n\n\n\n<p class=\"wp-block-paragraph\">Al menos 146 millones de reales (unos 28.696 millones d\u00f3lares) del nuevo cr\u00e9dito ir\u00e1n destinados al Ministerio de Pueblos Ind\u00edgenas, en particular a la Fundaci\u00f3n Nacional del Indio (Funai), que atiende los asuntos relacionados con la &#8220;regularizaci\u00f3n, demarcaci\u00f3n y fiscalizaci\u00f3n&#8221; de las tierras ind\u00edgenas y de los pueblos aislados.<br><\/p>\n\n\n\n<p class=\"wp-block-paragraph\">El resto del dinero se distribuir\u00e1 entre los Ministerios de Defensa, Desarrollo Social, Justicia y Medio Ambiente.<br><\/p>\n\n\n\n<p class=\"wp-block-paragraph\">Una parte de monto tambi\u00e9n se mandar\u00e1 al Instituto Brasile\u00f1o de Medio Ambiente (Ibama), que realiza operaciones de fiscalizaci\u00f3n ambiental para proteger la vida de los ind\u00edgenas.<br><\/p>\n\n\n\n<p class=\"wp-block-paragraph\">El secretario ejecutivo del Ministerio de los Pueblos Ind\u00edgenas, Eloy Terena, consider\u00f3 &#8220;un avance importante&#8221; la liberaci\u00f3n del cr\u00e9dito.<br><\/p>\n\n\n\n<p class=\"wp-block-paragraph\">Seg\u00fan la ministra de Pueblos Ind\u00edgenas, Sonia Guajajara, en los cuatro a\u00f1os de gesti\u00f3n de Bolsonaro fallecieron 570 menores en todo el territorio.<br><\/p>\n\n\n\n<p class=\"wp-block-paragraph\">Tras asumir su tercer mandato a principios de a\u00f1o, Lula resalt\u00f3 su compromiso para luchar contra la miner\u00eda y la tala ilegales en la Amazon\u00eda, as\u00ed como proteger a los pueblos ind\u00edgenas, especialmente en la Tierra Yanomami, donde vive la mayor\u00eda de los pobladores originales.<br><\/p>\n\n\n\n<p class=\"wp-block-paragraph\">El 20 de enero, el mandatario decret\u00f3 el estado de emergencia ante la crisis sanitaria y de seguridad en la que estaban los yanomamis a causa de la miner\u00eda ilegal, y lanz\u00f3 una megaoperaci\u00f3n para expulsar a los buscadores de oro. En tan solo un mes, la Polic\u00eda Federal desmantel\u00f3 200 campamentos clandestinos en la reserva ind\u00edgena Yanomami y miles de mineros abandonaron la regi\u00f3n ante el avance de las autoridades.<\/p>\n","protected":false},"excerpt":{"rendered":"<p>Tras asumir su tercer mandato a principios de a\u00f1o, el presidente resalt\u00f3 su compromiso en defender los derechos de las comunidades tradicionales. El presidente de Brasil, Luiz In\u00e1cio Lula da Silva, firm\u00f3 una medida provisional para abrir un cr\u00e9dito extraordinario de 640 millones de reales (unos 126 millones de d\u00f3lares) para proteger a los pueblos [&hellip;]<\/p>\n","protected":false},"author":1,"featured_media":7913,"comment_status":"closed","ping_status":"closed","sticky":false,"template":"","format":"standard","meta":{"footnotes":""},"categories":[83,80],"tags":[],"class_list":["post-7912","post","type-post","status-publish","format-standard","has-post-thumbnail","hentry","category-destacado","category-mundo"],"_links":{"self":[{"href":"https:\/\/themexicopost.com\/index.php?rest_route=\/wp\/v2\/posts\/7912","targetHints":{"allow":["GET"]}}],"collection":[{"href":"https:\/\/themexicopost.com\/index.php?rest_route=\/wp\/v2\/posts"}],"about":[{"href":"https:\/\/themexicopost.com\/index.php?rest_route=\/wp\/v2\/types\/post"}],"author":[{"embeddable":true,"href":"https:\/\/themexicopost.com\/index.php?rest_route=\/wp\/v2\/users\/1"}],"replies":[{"embeddable":true,"href":"https:\/\/themexicopost.com\/index.php?rest_route=%2Fwp%2Fv2%2Fcomments&post=7912"}],"version-history":[{"count":1,"href":"https:\/\/themexicopost.com\/index.php?rest_route=\/wp\/v2\/posts\/7912\/revisions"}],"predecessor-version":[{"id":7914,"href":"https:\/\/themexicopost.com\/index.php?rest_route=\/wp\/v2\/posts\/7912\/revisions\/7914"}],"wp:featuredmedia":[{"embeddable":true,"href":"https:\/\/themexicopost.com\/index.php?rest_route=\/wp\/v2\/media\/7913"}],"wp:attachment":[{"href":"https:\/\/themexicopost.com\/index.php?rest_route=%2Fwp%2Fv2%2Fmedia&parent=7912"}],"wp:term":[{"taxonomy":"category","embeddable":true,"href":"https:\/\/themexicopost.com\/index.php?rest_route=%2Fwp%2Fv2%2Fcategories&post=7912"},{"taxonomy":"post_tag","embeddable":true,"href":"https:\/\/themexicopost.com\/index.php?rest_route=%2Fwp%2Fv2%2Ftags&post=7912"}],"curies":[{"name":"wp","href":"https:\/\/api.w.org\/{rel}","templated":true}]}}