{"id":7915,"date":"2023-04-05T15:13:05","date_gmt":"2023-04-05T15:13:05","guid":{"rendered":"https:\/\/themexicopost.com\/?p=7915"},"modified":"2023-04-05T15:13:07","modified_gmt":"2023-04-05T15:13:07","slug":"revelan-nuevo-trailer-de-spider-man-across-the-spider-verse","status":"publish","type":"post","link":"https:\/\/themexicopost.com\/?p=7915","title":{"rendered":"Revelan nuevo tr\u00e1iler de Spider-Man: Across the Spider-Verse"},"content":{"rendered":"\n<p class=\"has-drop-cap wp-block-paragraph\">Sony acaba de revelar el nuevo tr\u00e1iler de la pel\u00edcula de Spider Man: Across the Spider Verse, la cual continuar\u00e1 la historia del joven Miles Morales despu\u00e9s de obtener los poderes ar\u00e1cnidos y tener una aventura entre los universos.<br><\/p>\n\n\n\n<p class=\"wp-block-paragraph\">En este nuevo tr\u00e1iler de la secuela de la pel\u00edcula animada de Spider Man: Across the Spider Verse, regresan los personajes, entre ellos, Gwen Stacy o Spider-Gwen, as\u00ed como el amable hombre ara\u00f1a de otro universo Peter B. Parker. Sin embargo, se integran otros ar\u00e1cnidos.<br><\/p>\n\n\n\n<p class=\"wp-block-paragraph\">Sony acaba de revelar el nuevo tr\u00e1iler de la pel\u00edcula de Spider Man: Across the Spider Verse, la cual continuar\u00e1 la historia del joven Miles Morales despu\u00e9s de obtener los poderes ar\u00e1cnidos y tener una aventura entre los universos.<br><\/p>\n\n\n\n<figure class=\"wp-block-image size-large\"><img fetchpriority=\"high\" decoding=\"async\" width=\"1024\" height=\"683\" src=\"https:\/\/themexicopost.com\/wp-content\/uploads\/2023\/04\/revelan-1024x683.jpg\" alt=\"\" class=\"wp-image-7917\" srcset=\"https:\/\/themexicopost.com\/wp-content\/uploads\/2023\/04\/revelan-1024x683.jpg 1024w, https:\/\/themexicopost.com\/wp-content\/uploads\/2023\/04\/revelan-300x200.jpg 300w, https:\/\/themexicopost.com\/wp-content\/uploads\/2023\/04\/revelan-768x512.jpg 768w, https:\/\/themexicopost.com\/wp-content\/uploads\/2023\/04\/revelan-330x220.jpg 330w, https:\/\/themexicopost.com\/wp-content\/uploads\/2023\/04\/revelan-420x280.jpg 420w, https:\/\/themexicopost.com\/wp-content\/uploads\/2023\/04\/revelan-615x410.jpg 615w, https:\/\/themexicopost.com\/wp-content\/uploads\/2023\/04\/revelan-860x573.jpg 860w, https:\/\/themexicopost.com\/wp-content\/uploads\/2023\/04\/revelan.jpg 1200w\" sizes=\"(max-width: 1024px) 100vw, 1024px\" \/><\/figure>\n\n\n\n<p class=\"wp-block-paragraph\">En este nuevo tr\u00e1iler de la secuela de la pel\u00edcula animada de Spider Man: Across the Spider Verse, regresan los personajes, entre ellos, Gwen Stacy o Spider-Gwen, as\u00ed como el amable hombre ara\u00f1a de otro universo Peter B. Parker. Sin embargo, se integran otros ar\u00e1cnidos.<br><\/p>\n\n\n\n<p class=\"wp-block-paragraph\">Seg\u00fan el tr\u00e1iler de Spider Man: Across the Spider Verse, habr\u00e1 una lucha de ideales entre el protagonista Miles Morales y Miguel O\u2019 Hara, pues el dilema de sacrificar a los seres amados con tal de salvar a otros por un bien mayor ser\u00e1 constante.<br><\/p>\n\n\n\n<p class=\"wp-block-paragraph\">En el tr\u00e1iler de Spider Man: Across the Spider Verse tambi\u00e9n se logra ver a una beb\u00e9, hija de Peter B. Parker, May &#8220;Mayday&#8221; Parker, as\u00ed como otros spider-personas como Scarlet Spider y Spider-Punk.<\/p>\n","protected":false},"excerpt":{"rendered":"<p>Sony acaba de revelar el nuevo tr\u00e1iler de la pel\u00edcula de Spider Man: Across the Spider Verse, la cual continuar\u00e1 la historia del joven Miles Morales despu\u00e9s de obtener los poderes ar\u00e1cnidos y tener una aventura entre los universos. En este nuevo tr\u00e1iler de la secuela de la pel\u00edcula animada de Spider Man: Across the [&hellip;]<\/p>\n","protected":false},"author":1,"featured_media":7916,"comment_status":"closed","ping_status":"closed","sticky":false,"template":"","format":"standard","meta":{"footnotes":""},"categories":[78],"tags":[],"class_list":["post-7915","post","type-post","status-publish","format-standard","has-post-thumbnail","hentry","category-espectaculos"],"_links":{"self":[{"href":"https:\/\/themexicopost.com\/index.php?rest_route=\/wp\/v2\/posts\/7915","targetHints":{"allow":["GET"]}}],"collection":[{"href":"https:\/\/themexicopost.com\/index.php?rest_route=\/wp\/v2\/posts"}],"about":[{"href":"https:\/\/themexicopost.com\/index.php?rest_route=\/wp\/v2\/types\/post"}],"author":[{"embeddable":true,"href":"https:\/\/themexicopost.com\/index.php?rest_route=\/wp\/v2\/users\/1"}],"replies":[{"embeddable":true,"href":"https:\/\/themexicopost.com\/index.php?rest_route=%2Fwp%2Fv2%2Fcomments&post=7915"}],"version-history":[{"count":1,"href":"https:\/\/themexicopost.com\/index.php?rest_route=\/wp\/v2\/posts\/7915\/revisions"}],"predecessor-version":[{"id":7918,"href":"https:\/\/themexicopost.com\/index.php?rest_route=\/wp\/v2\/posts\/7915\/revisions\/7918"}],"wp:featuredmedia":[{"embeddable":true,"href":"https:\/\/themexicopost.com\/index.php?rest_route=\/wp\/v2\/media\/7916"}],"wp:attachment":[{"href":"https:\/\/themexicopost.com\/index.php?rest_route=%2Fwp%2Fv2%2Fmedia&parent=7915"}],"wp:term":[{"taxonomy":"category","embeddable":true,"href":"https:\/\/themexicopost.com\/index.php?rest_route=%2Fwp%2Fv2%2Fcategories&post=7915"},{"taxonomy":"post_tag","embeddable":true,"href":"https:\/\/themexicopost.com\/index.php?rest_route=%2Fwp%2Fv2%2Ftags&post=7915"}],"curies":[{"name":"wp","href":"https:\/\/api.w.org\/{rel}","templated":true}]}}