{"id":79180,"date":"2026-03-26T16:50:36","date_gmt":"2026-03-26T22:50:36","guid":{"rendered":"https:\/\/themexicopost.com\/?p=79180"},"modified":"2026-03-26T16:50:39","modified_gmt":"2026-03-26T22:50:39","slug":"ricardo-moreno-destaca-exito-de-primaverarte-y-reconoce-talento-local-en-toluca","status":"publish","type":"post","link":"https:\/\/themexicopost.com\/?p=79180","title":{"rendered":"Ricardo Moreno destaca \u00e9xito de PrimaverArte y reconoce talento local en Toluca"},"content":{"rendered":"\n<p>El alcalde de Toluca, Ricardo Moreno, destac\u00f3 el \u00e9xito del festival cultural PrimaverArte, al se\u00f1alar que miles de personas participaron en actividades como m\u00fasica, literatura, poes\u00eda y distintas expresiones art\u00edsticas en espacios p\u00fablicos del municipio.<\/p>\n\n\n\n<p>Ricardo Moreno subray\u00f3 que este tipo de iniciativas permiten acercar la cultura a la poblaci\u00f3n y fortalecer el uso de espacios p\u00fablicos como puntos de encuentro para la comunidad.<\/p>\n\n\n\n<p>El presidente municipal tambi\u00e9n reconoci\u00f3 el talento local al destacar a la cineasta toluque\u00f1a Alejandra D\u00edaz Olvera y su obra <em>Cometa 1600<\/em>, como ejemplo del potencial creativo que existe en la ciudad.<\/p>\n\n\n\n<p>Asimismo, indic\u00f3 que su administraci\u00f3n impulsar\u00e1 la difusi\u00f3n de este tipo de proyectos en distintos espacios del municipio para apoyar a las y los creadores.<\/p>\n\n\n\n<p>Ricardo Moreno reiter\u00f3 que el objetivo es seguir construyendo una ciudad cultural, incluyente y con oportunidades para que el talento local pueda desarrollarse.<\/p>\n","protected":false},"excerpt":{"rendered":"<p>El alcalde de Toluca, Ricardo Moreno, destac\u00f3 el \u00e9xito del festival cultural PrimaverArte, al se\u00f1alar que miles de personas participaron en actividades como m\u00fasica, literatura, poes\u00eda y distintas expresiones art\u00edsticas en espacios p\u00fablicos del municipio. Ricardo Moreno subray\u00f3 que este tipo de iniciativas permiten acercar la cultura a la poblaci\u00f3n y fortalecer el uso de [&hellip;]<\/p>\n","protected":false},"author":2,"featured_media":79181,"comment_status":"closed","ping_status":"closed","sticky":false,"template":"","format":"standard","meta":{"footnotes":""},"categories":[81],"tags":[191,187,189,110,114,190,188,152,115],"class_list":["post-79180","post","type-post","status-publish","format-standard","has-post-thumbnail","hentry","category-nacional","tag-alejandra-diaz-olvera","tag-arte-toluca","tag-cometa-1600","tag-cultura-toluca","tag-eventos-culturales-toluca","tag-gobierno-toluca-cultura","tag-primaverarte","tag-ricardo-moreno","tag-toluca"],"_links":{"self":[{"href":"https:\/\/themexicopost.com\/index.php?rest_route=\/wp\/v2\/posts\/79180","targetHints":{"allow":["GET"]}}],"collection":[{"href":"https:\/\/themexicopost.com\/index.php?rest_route=\/wp\/v2\/posts"}],"about":[{"href":"https:\/\/themexicopost.com\/index.php?rest_route=\/wp\/v2\/types\/post"}],"author":[{"embeddable":true,"href":"https:\/\/themexicopost.com\/index.php?rest_route=\/wp\/v2\/users\/2"}],"replies":[{"embeddable":true,"href":"https:\/\/themexicopost.com\/index.php?rest_route=%2Fwp%2Fv2%2Fcomments&post=79180"}],"version-history":[{"count":1,"href":"https:\/\/themexicopost.com\/index.php?rest_route=\/wp\/v2\/posts\/79180\/revisions"}],"predecessor-version":[{"id":79182,"href":"https:\/\/themexicopost.com\/index.php?rest_route=\/wp\/v2\/posts\/79180\/revisions\/79182"}],"wp:featuredmedia":[{"embeddable":true,"href":"https:\/\/themexicopost.com\/index.php?rest_route=\/wp\/v2\/media\/79181"}],"wp:attachment":[{"href":"https:\/\/themexicopost.com\/index.php?rest_route=%2Fwp%2Fv2%2Fmedia&parent=79180"}],"wp:term":[{"taxonomy":"category","embeddable":true,"href":"https:\/\/themexicopost.com\/index.php?rest_route=%2Fwp%2Fv2%2Fcategories&post=79180"},{"taxonomy":"post_tag","embeddable":true,"href":"https:\/\/themexicopost.com\/index.php?rest_route=%2Fwp%2Fv2%2Ftags&post=79180"}],"curies":[{"name":"wp","href":"https:\/\/api.w.org\/{rel}","templated":true}]}}