{"id":79188,"date":"2026-03-27T08:15:38","date_gmt":"2026-03-27T14:15:38","guid":{"rendered":"https:\/\/themexicopost.com\/?p=79188"},"modified":"2026-03-27T08:15:42","modified_gmt":"2026-03-27T14:15:42","slug":"rosalia-sufre-intoxicacion-alimentaria-y-suspende-concierto-en-milan","status":"publish","type":"post","link":"https:\/\/themexicopost.com\/?p=79188","title":{"rendered":"Rosal\u00eda sufre intoxicaci\u00f3n alimentaria y suspende concierto en Mil\u00e1n"},"content":{"rendered":"\n<figure class=\"wp-block-pullquote\"><blockquote><p>-La cantante confes\u00f3 que estuvo vomitando en el camerino y que quer\u00eda dar \u00abel mejor espect\u00e1culo posible\u00bb, pero que b\u00e1sicamente se encontraba en el suelo.<\/p><\/blockquote><\/figure>\n\n\n\n<p class=\"has-drop-cap\">La artista espa\u00f1ola Rosal\u00eda dio un mensaje de tranquilidad a sus seguidores tras el grave episodio de intoxicaci\u00f3n alimentaria que le oblig\u00f3 a suspender ayer su concierto en Mil\u00e1n, Italia.<br><\/p>\n\n\n\n<p>A trav\u00e9s de su perfil de Instagram, la cantante catalana comparti\u00f3 una imagen desde lo que parece ser un centro hospitalario o unidad sanitaria m\u00f3vil, en la que se la ve descansando en una camilla, con una v\u00eda intravenosa, pero mostrando el pulgar hacia arriba en se\u00f1al de recuperaci\u00f3n.<br><\/p>\n\n\n\n<p>&#8220;Me siento mejor. Muchas gracias por todo el amor y la comprensi\u00f3n de todos los que estuvieron all\u00ed. &#8220;Gracias, Mil\u00e1n&#8221;, escribi\u00f3.<br><\/p>\n\n\n\n<p>Rosal\u00eda tuvo que suspender su concierto en el Unipol Forum de Mil\u00e1n, dentro de su gira \u2018Lux Tour\u2019, pocos minutos despu\u00e9s de comenzar su recital debido a una intoxicaci\u00f3n alimentaria.<br><\/p>\n\n\n\n<figure class=\"wp-block-image size-large\"><img fetchpriority=\"high\" decoding=\"async\" width=\"1024\" height=\"684\" src=\"https:\/\/themexicopost.com\/wp-content\/uploads\/2026\/03\/15rosalia-1024x684.jpg\" alt=\"\" class=\"wp-image-79194\" srcset=\"https:\/\/themexicopost.com\/wp-content\/uploads\/2026\/03\/15rosalia-1024x684.jpg 1024w, https:\/\/themexicopost.com\/wp-content\/uploads\/2026\/03\/15rosalia-300x201.jpg 300w, https:\/\/themexicopost.com\/wp-content\/uploads\/2026\/03\/15rosalia-768x513.jpg 768w, https:\/\/themexicopost.com\/wp-content\/uploads\/2026\/03\/15rosalia.jpg 1200w\" sizes=\"(max-width: 1024px) 100vw, 1024px\" \/><\/figure>\n\n\n\n<p>&#8220;Tuve algo como una intoxicaci\u00f3n alimentaria muy grave. He intentado seguir con el show hasta el final, pero estoy realmente mal&#8221;, explic\u00f3 Rosal\u00eda a los asistentes al concierto, seg\u00fan se ha podido ver en algunos v\u00eddeos difundidos en redes sociales por sus fans.<br><\/p>\n\n\n\n<p>La cantante confes\u00f3 que estuvo vomitando en el camerino y que quer\u00eda dar \u00abel mejor espect\u00e1culo posible\u00bb, pero que b\u00e1sicamente se encontraba en el suelo.<br><\/p>\n\n\n\n<p>&#8220;Lo siento mucho, les quiero mucho. Espero volver en mejores condiciones&#8221;, le transmiti\u00f3 la artista a sus espectadores cuando se encontraba interpretando su canci\u00f3n \u2018De Madrug\u00e1\u2019.<br><\/p>\n\n\n\n<p>La de Mil\u00e1n era la quinta parada de una gira que comenz\u00f3 el pasado 16 de marzo en Lyon, que tuvo una doble actuaci\u00f3n en Par\u00eds y otra en Z\u00farich.<br><\/p>\n\n\n\n<p>La siguiente actuaci\u00f3n est\u00e1 planificada para el pr\u00f3ximo 30 de marzo en el Movistar Arena de la capital espa\u00f1ola, aunque todo depender\u00e1 de su evoluci\u00f3n.<\/p>\n","protected":false},"excerpt":{"rendered":"<p>-La cantante confes\u00f3 que estuvo vomitando en el camerino y que quer\u00eda dar \u00abel mejor espect\u00e1culo posible\u00bb, pero que b\u00e1sicamente se encontraba en el suelo. La artista espa\u00f1ola Rosal\u00eda dio un mensaje de tranquilidad a sus seguidores tras el grave episodio de intoxicaci\u00f3n alimentaria que le oblig\u00f3 a suspender ayer su concierto en Mil\u00e1n, Italia. [&hellip;]<\/p>\n","protected":false},"author":1,"featured_media":79193,"comment_status":"closed","ping_status":"closed","sticky":false,"template":"","format":"standard","meta":{"footnotes":""},"categories":[83,78],"tags":[],"class_list":["post-79188","post","type-post","status-publish","format-standard","has-post-thumbnail","hentry","category-destacado","category-espectaculos"],"_links":{"self":[{"href":"https:\/\/themexicopost.com\/index.php?rest_route=\/wp\/v2\/posts\/79188","targetHints":{"allow":["GET"]}}],"collection":[{"href":"https:\/\/themexicopost.com\/index.php?rest_route=\/wp\/v2\/posts"}],"about":[{"href":"https:\/\/themexicopost.com\/index.php?rest_route=\/wp\/v2\/types\/post"}],"author":[{"embeddable":true,"href":"https:\/\/themexicopost.com\/index.php?rest_route=\/wp\/v2\/users\/1"}],"replies":[{"embeddable":true,"href":"https:\/\/themexicopost.com\/index.php?rest_route=%2Fwp%2Fv2%2Fcomments&post=79188"}],"version-history":[{"count":1,"href":"https:\/\/themexicopost.com\/index.php?rest_route=\/wp\/v2\/posts\/79188\/revisions"}],"predecessor-version":[{"id":79195,"href":"https:\/\/themexicopost.com\/index.php?rest_route=\/wp\/v2\/posts\/79188\/revisions\/79195"}],"wp:featuredmedia":[{"embeddable":true,"href":"https:\/\/themexicopost.com\/index.php?rest_route=\/wp\/v2\/media\/79193"}],"wp:attachment":[{"href":"https:\/\/themexicopost.com\/index.php?rest_route=%2Fwp%2Fv2%2Fmedia&parent=79188"}],"wp:term":[{"taxonomy":"category","embeddable":true,"href":"https:\/\/themexicopost.com\/index.php?rest_route=%2Fwp%2Fv2%2Fcategories&post=79188"},{"taxonomy":"post_tag","embeddable":true,"href":"https:\/\/themexicopost.com\/index.php?rest_route=%2Fwp%2Fv2%2Ftags&post=79188"}],"curies":[{"name":"wp","href":"https:\/\/api.w.org\/{rel}","templated":true}]}}