{"id":79205,"date":"2026-03-27T08:19:41","date_gmt":"2026-03-27T14:19:41","guid":{"rendered":"https:\/\/themexicopost.com\/?p=79205"},"modified":"2026-03-27T08:19:45","modified_gmt":"2026-03-27T14:19:45","slug":"mara-lezama-destaca-certeza-juridica-para-proteger-el-patrimonio-de-las-familias","status":"publish","type":"post","link":"https:\/\/themexicopost.com\/?p=79205","title":{"rendered":"Mara Lezama destaca certeza jur\u00eddica para proteger el patrimonio de las familias"},"content":{"rendered":"\n<figure class=\"wp-block-pullquote\"><blockquote><p>-Con un 93% de eficiencia en tr\u00e1mites digitalizados en el Registro P\u00fablico y m\u00e1s de 2,700 profesionales inmobiliarios matriculados.<\/p><\/blockquote><\/figure>\n\n\n\n<p class=\"has-drop-cap\">Durante la ceremonia de toma de protesta del nuevo Consejo Directivo de la Asociaci\u00f3n Mexicana de Profesionales Inmobiliarios (AMPI) Canc\u00fan 2026, la gobernadora Mara Lezama Espinosa afirm\u00f3 que el desarrollo inmobiliario en el estado avanza con orden, responsabilidad y una visi\u00f3n centrada en el bienestar colectivo.<br><\/p>\n\n\n\n<p>Con la presencia de la presidenta de AMPI M\u00e9xico, Jenny Rivas Padilla, y los profesionales inmobiliarios agremiados, la gobernadora Mara Lezama precis\u00f3 que hoy Quintana Roo tiene un Registro P\u00fablico de la Propiedad y del Comercio totalmente digitalizado, con una eficiencia del 93% en los tr\u00e1mites, pero se llegar\u00e1 al 100%.<br><\/p>\n\n\n\n<p>Adem\u00e1s, se cuenta con un nuevo Sistema Inmobiliario de Quintana Roo (SIQROO). Una plataforma digital, \u00e1gil y accesible que moderniza el Registro P\u00fablico y marca un paso firme en la transformaci\u00f3n digital del estado.<br><\/p>\n\n\n\n<p>La Gobernadora enfatiz\u00f3 que esto es un logro, considerando que por largos a\u00f1os esta dependencia fue un sin\u00f3nimo de corrupci\u00f3n, de cochupos, de quitarle la propiedad a muchos seres humanos en un abrir y cerrar de ojos. \u201cEste gobierno humanista con coraz\u00f3n feminista combate la corrupci\u00f3n y pone al frente a personas honestas y trabajadoras\u201d, a\u00f1adi\u00f3 Mara Lezama.<br><\/p>\n\n\n\n<p>Ante la presidenta saliente, Karen Ramos, y la presidenta entrante, Dafnee Fuentes Trujillo, la gobernadora de Quintana Roo asegur\u00f3 que este relevo en la dirigencia de AMPI Canc\u00fan representa el fortalecimiento de un sector estrat\u00e9gico que impacta directamente en la calidad de vida de las familias, as\u00ed como en la atracci\u00f3n de inversiones y el crecimiento econ\u00f3mico de Quintana Roo.<br><\/p>\n\n\n\n<p>Destac\u00f3 que Canc\u00fan se consolida como uno de los principales motores econ\u00f3micos del pa\u00eds, al registrar m\u00e1s de un mill\u00f3n de habitantes y un padr\u00f3n estatal con m\u00e1s de 2 mil 700 profesionales inmobiliarios matriculados, lo que fortalece la transparencia y la profesionalizaci\u00f3n del sector, hombres y mujeres que dan certeza jur\u00eddica a tantas personas que quieren tener un hogar seguro y la generaci\u00f3n de confianza para inversionistas.<br><\/p>\n\n\n\n<p>Mara Lezama reiter\u00f3 que en Quintana Roo se impulsa un modelo en el que el crecimiento econ\u00f3mico se traduce en oportunidades reales, acceso a vivienda digna y comunidades m\u00e1s s\u00f3lidas, al tiempo que felicit\u00f3 al nuevo Consejo Directivo de AMPI Canc\u00fan 2026 por asumir el compromiso de contribuir al desarrollo sostenible de la entidad.<br><\/p>\n\n\n\n<p>La presidenta saliente, Karen Ramos, dijo estar satisfecha de su trabajo, en el que privilegi\u00f3 la capacitaci\u00f3n, la \u00e9tica, la innovaci\u00f3n, que se reflej\u00f3 en la confianza de los inversionistas que concretaron conexiones estrat\u00e9gicas, siempre con el firme compromiso de sumar valor, proteger la inversi\u00f3n y generar desarrollo ordenado y sostenible.<br><\/p>\n\n\n\n<p>Por su parte, Dafnee Fuentes Trujillo, nueva presidenta de AMPI Canc\u00fan, asumi\u00f3 la responsabilidad de darle al sector inmobiliario el lugar que se merece, y de juntos construir un gremio m\u00e1s fuerte, m\u00e1s profesional, y m\u00e1s respetado, porque no se trata solo de crecer, se trata de crecer con respeto, responsabilidad y con visi\u00f3n.<\/p>\n","protected":false},"excerpt":{"rendered":"<p>-Con un 93% de eficiencia en tr\u00e1mites digitalizados en el Registro P\u00fablico y m\u00e1s de 2,700 profesionales inmobiliarios matriculados. Durante la ceremonia de toma de protesta del nuevo Consejo Directivo de la Asociaci\u00f3n Mexicana de Profesionales Inmobiliarios (AMPI) Canc\u00fan 2026, la gobernadora Mara Lezama Espinosa afirm\u00f3 que el desarrollo inmobiliario en el estado avanza con [&hellip;]<\/p>\n","protected":false},"author":1,"featured_media":79210,"comment_status":"closed","ping_status":"closed","sticky":false,"template":"","format":"standard","meta":{"footnotes":""},"categories":[83,81],"tags":[],"class_list":["post-79205","post","type-post","status-publish","format-standard","has-post-thumbnail","hentry","category-destacado","category-nacional"],"_links":{"self":[{"href":"https:\/\/themexicopost.com\/index.php?rest_route=\/wp\/v2\/posts\/79205","targetHints":{"allow":["GET"]}}],"collection":[{"href":"https:\/\/themexicopost.com\/index.php?rest_route=\/wp\/v2\/posts"}],"about":[{"href":"https:\/\/themexicopost.com\/index.php?rest_route=\/wp\/v2\/types\/post"}],"author":[{"embeddable":true,"href":"https:\/\/themexicopost.com\/index.php?rest_route=\/wp\/v2\/users\/1"}],"replies":[{"embeddable":true,"href":"https:\/\/themexicopost.com\/index.php?rest_route=%2Fwp%2Fv2%2Fcomments&post=79205"}],"version-history":[{"count":1,"href":"https:\/\/themexicopost.com\/index.php?rest_route=\/wp\/v2\/posts\/79205\/revisions"}],"predecessor-version":[{"id":79211,"href":"https:\/\/themexicopost.com\/index.php?rest_route=\/wp\/v2\/posts\/79205\/revisions\/79211"}],"wp:featuredmedia":[{"embeddable":true,"href":"https:\/\/themexicopost.com\/index.php?rest_route=\/wp\/v2\/media\/79210"}],"wp:attachment":[{"href":"https:\/\/themexicopost.com\/index.php?rest_route=%2Fwp%2Fv2%2Fmedia&parent=79205"}],"wp:term":[{"taxonomy":"category","embeddable":true,"href":"https:\/\/themexicopost.com\/index.php?rest_route=%2Fwp%2Fv2%2Fcategories&post=79205"},{"taxonomy":"post_tag","embeddable":true,"href":"https:\/\/themexicopost.com\/index.php?rest_route=%2Fwp%2Fv2%2Ftags&post=79205"}],"curies":[{"name":"wp","href":"https:\/\/api.w.org\/{rel}","templated":true}]}}