{"id":79212,"date":"2026-03-27T08:21:08","date_gmt":"2026-03-27T14:21:08","guid":{"rendered":"https:\/\/themexicopost.com\/?p=79212"},"modified":"2026-03-27T08:21:14","modified_gmt":"2026-03-27T14:21:14","slug":"banxico-recorta-su-tasa-de-interes-a-6-75-pese-a-repunte-de-inflacion","status":"publish","type":"post","link":"https:\/\/themexicopost.com\/?p=79212","title":{"rendered":"Banxico recorta su tasa de inter\u00e9s a 6.75% pese a repunte de inflaci\u00f3n"},"content":{"rendered":"\n<figure class=\"wp-block-pullquote\"><blockquote><p>-La inflaci\u00f3n en M\u00e9xico subi\u00f3 a 4.63% en la primera quincena de marzo, seg\u00fan los datos publicados por el Instituto Nacional de Estad\u00edstica y Geograf\u00eda.<\/p><\/blockquote><\/figure>\n\n\n\n<p class=\"has-drop-cap\">La Junta de Gobierno del Banco de M\u00e9xico (Banxico) tom\u00f3 la decisi\u00f3n de recortar la tasa de inter\u00e9s interbancaria a un d\u00eda a un nivel de 6.75%, contrario a lo esperado por analistas ante el repunte de la inflaci\u00f3n en M\u00e9xico y la incertidumbre por el alza de precios de los combustibles.<br><\/p>\n\n\n\n<p>Banxico busca que la inflaci\u00f3n se ubique en su meta objetivo del 3%, con un rango de un punto porcentual superior e inferior, es decir, entre 2 y 4%.<br><\/p>\n\n\n\n<p>&#8220;La Junta de Gobierno del Banco de M\u00e9xico decidi\u00f3 disminuir en 25 puntos base el objetivo para la tasa de inter\u00e9s interbancaria a un d\u00eda a un nivel de 6.75 por ciento, con efectos a partir del 27 de marzo de 2026&#8221;, inform\u00f3 en su comunicado.<br><\/p>\n\n\n\n<p>Los miembros de la Junta de Gobierno consideraron apropiado continuar con el ciclo de disminuciones de la tasa de referencia, acorde al panorama de la inflaci\u00f3n en M\u00e9xico. Asimismo, revisaron el tipo de cambio, la debilidad que ha mostrado la actividad econ\u00f3mica y el grado de restricci\u00f3n monetaria que se ha implementado.<br><\/p>\n\n\n\n<p>Lo anterior, debido a que estiman poder enfrentar los retos derivados de una prolongaci\u00f3n y escalamiento del conflicto en Medio Oriente y sus consecuencias.<br><\/p>\n\n\n\n<p>Banxico analizar\u00e1, seg\u00fan las condiciones, la posibilidad de realizar otro recorte a la tasa de referencia acorde a la inflaci\u00f3n. En tanto que mantendr\u00e1 su atenci\u00f3n a la evoluci\u00f3n de las condiciones externas.<br><\/p>\n\n\n\n<p>La inflaci\u00f3n en M\u00e9xico subi\u00f3 a 4.63% en la primera quincena de marzo, seg\u00fan los datos publicados por el Instituto Nacional de Estad\u00edstica y Geograf\u00eda (Inegi), por lo que el dato dej\u00f3 atr\u00e1s la meta del Banxico.<br><\/p>\n\n\n\n<p>En esta decisi\u00f3n de ajustar a la baja la tasa de inter\u00e9s votaron a favor Victoria Rodr\u00edguez Ceja, gobernadora del Banxico, as\u00ed como los subgobernadores Jos\u00e9 Gabriel Cuadra Garc\u00eda y Omar Mej\u00eda Castelazo.<br><\/p>\n\n\n\n<p>En tanto, votaron a favor de mantener el objetivo para la tasa de inter\u00e9s Galia Borja G\u00f3mez y Jonathan Heath.<\/p>\n","protected":false},"excerpt":{"rendered":"<p>-La inflaci\u00f3n en M\u00e9xico subi\u00f3 a 4.63% en la primera quincena de marzo, seg\u00fan los datos publicados por el Instituto Nacional de Estad\u00edstica y Geograf\u00eda. La Junta de Gobierno del Banco de M\u00e9xico (Banxico) tom\u00f3 la decisi\u00f3n de recortar la tasa de inter\u00e9s interbancaria a un d\u00eda a un nivel de 6.75%, contrario a lo [&hellip;]<\/p>\n","protected":false},"author":1,"featured_media":79216,"comment_status":"closed","ping_status":"closed","sticky":false,"template":"","format":"standard","meta":{"footnotes":""},"categories":[83,81],"tags":[],"class_list":["post-79212","post","type-post","status-publish","format-standard","has-post-thumbnail","hentry","category-destacado","category-nacional"],"_links":{"self":[{"href":"https:\/\/themexicopost.com\/index.php?rest_route=\/wp\/v2\/posts\/79212","targetHints":{"allow":["GET"]}}],"collection":[{"href":"https:\/\/themexicopost.com\/index.php?rest_route=\/wp\/v2\/posts"}],"about":[{"href":"https:\/\/themexicopost.com\/index.php?rest_route=\/wp\/v2\/types\/post"}],"author":[{"embeddable":true,"href":"https:\/\/themexicopost.com\/index.php?rest_route=\/wp\/v2\/users\/1"}],"replies":[{"embeddable":true,"href":"https:\/\/themexicopost.com\/index.php?rest_route=%2Fwp%2Fv2%2Fcomments&post=79212"}],"version-history":[{"count":1,"href":"https:\/\/themexicopost.com\/index.php?rest_route=\/wp\/v2\/posts\/79212\/revisions"}],"predecessor-version":[{"id":79217,"href":"https:\/\/themexicopost.com\/index.php?rest_route=\/wp\/v2\/posts\/79212\/revisions\/79217"}],"wp:featuredmedia":[{"embeddable":true,"href":"https:\/\/themexicopost.com\/index.php?rest_route=\/wp\/v2\/media\/79216"}],"wp:attachment":[{"href":"https:\/\/themexicopost.com\/index.php?rest_route=%2Fwp%2Fv2%2Fmedia&parent=79212"}],"wp:term":[{"taxonomy":"category","embeddable":true,"href":"https:\/\/themexicopost.com\/index.php?rest_route=%2Fwp%2Fv2%2Fcategories&post=79212"},{"taxonomy":"post_tag","embeddable":true,"href":"https:\/\/themexicopost.com\/index.php?rest_route=%2Fwp%2Fv2%2Ftags&post=79212"}],"curies":[{"name":"wp","href":"https:\/\/api.w.org\/{rel}","templated":true}]}}