{"id":79247,"date":"2026-03-27T08:37:34","date_gmt":"2026-03-27T14:37:34","guid":{"rendered":"https:\/\/themexicopost.com\/?p=79247"},"modified":"2026-03-27T08:37:42","modified_gmt":"2026-03-27T14:37:42","slug":"noelia-castillo-ramos-recibe-la-eutanasia-en-barcelona","status":"publish","type":"post","link":"https:\/\/themexicopost.com\/?p=79247","title":{"rendered":"Noelia Castillo Ramos recibe la eutanasia en Barcelona"},"content":{"rendered":"\n<figure class=\"wp-block-pullquote\"><blockquote><p>Tras un largo debate con las autoridades, la joven puso fin a su vida de forma legal.<\/p><\/blockquote><\/figure>\n\n\n\n<p class=\"has-drop-cap\">La joven espa\u00f1ola Noelia Castillo Ramos falleci\u00f3 este jueves 26 de marzo en Barcelona tras recibir la eutanasia, procedimiento que hab\u00eda solicitado en 2024. Ten\u00eda 25 a\u00f1os.<br><\/p>\n\n\n\n<p>La decisi\u00f3n se concret\u00f3 luego de un proceso legal prolongado. Sin embargo, su caso gener\u00f3 debate p\u00fablico en Espa\u00f1a y otros pa\u00edses. La historia expuso temas como violencia sexual, salud mental y el derecho a una muerte asistida.<br><\/p>\n\n\n\n<p>La vida de la joven cambi\u00f3 tras ser v\u00edctima de dos agresiones sexuales. Primero, denunci\u00f3 haber sido violada por su expareja. Posteriormente, sufri\u00f3 una violaci\u00f3n grupal el 4 de octubre de 2022.<br><\/p>\n\n\n\n<p>En consecuencia, la joven intent\u00f3 quitarse la vida al lanzarse desde un quinto piso. Aunque sobrevivi\u00f3, sufri\u00f3 lesiones graves que derivaron en movilidad reducida y da\u00f1o medular irreversible.<br><\/p>\n\n\n\n<p>M\u00e9dicos le diagnosticaron encefalomielitis mi\u00e1lgica severa, tambi\u00e9n conocida como s\u00edndrome de fatiga cr\u00f3nica. Esta enfermedad afecta el sistema neuroinmune y puede generar agotamiento extremo y aislamiento.<br><\/p>\n\n\n\n<p>Ante este panorama, Noelia Castillo solicit\u00f3 la eutanasia en 2024. Argument\u00f3 sufrimiento f\u00edsico y emocional constante. &#8220;Solo quiero irme en paz y dejar de sufrir&#8221;, expres\u00f3 en entrevistas previas.<br><\/p>\n\n\n\n<p>Se\u00f1al\u00f3 que desde los 13 a\u00f1os enfrentaba problemas de salud mental. Indic\u00f3 que hab\u00eda intentado suicidarse en varias ocasiones. La familia de la joven, especialmente su padre, se opuso a la decisi\u00f3n. Durante al menos 20 meses promovieron recursos judiciales para frenar el procedimiento.<br><\/p>\n\n\n\n<p>Sin embargo, las autoridades sanitarias avalaron la solicitud. Espa\u00f1a cuenta con una ley que permite la eutanasia bajo condiciones espec\u00edficas. Por lo tanto, tras revisar su caso cl\u00ednico y psicol\u00f3gico, se autoriz\u00f3 el procedimiento.<br><\/p>\n\n\n\n<p>El caso de Noelia Castillo gener\u00f3 una amplia discusi\u00f3n. Por un lado, algunos sectores defendieron su derecho a decidir sobre su vida. Por otro, surgieron cuestionamientos \u00e9ticos sobre la eutanasia en j\u00f3venes con antecedentes de salud mental.<br><\/p>\n\n\n\n<p>Adem\u00e1s, organizaciones como Derecho a Morir Dignamente se\u00f1alaron que el caso cumpl\u00eda con los requisitos legales.<br><\/p>\n\n\n\n<p>Mientras tanto, especialistas han subrayado la necesidad de reforzar la atenci\u00f3n a v\u00edctimas de violencia sexual y salud mental.<\/p>\n","protected":false},"excerpt":{"rendered":"<p>Tras un largo debate con las autoridades, la joven puso fin a su vida de forma legal. La joven espa\u00f1ola Noelia Castillo Ramos falleci\u00f3 este jueves 26 de marzo en Barcelona tras recibir la eutanasia, procedimiento que hab\u00eda solicitado en 2024. Ten\u00eda 25 a\u00f1os. La decisi\u00f3n se concret\u00f3 luego de un proceso legal prolongado. Sin [&hellip;]<\/p>\n","protected":false},"author":1,"featured_media":79252,"comment_status":"closed","ping_status":"closed","sticky":false,"template":"","format":"standard","meta":{"footnotes":""},"categories":[83,80],"tags":[],"class_list":["post-79247","post","type-post","status-publish","format-standard","has-post-thumbnail","hentry","category-destacado","category-mundo"],"_links":{"self":[{"href":"https:\/\/themexicopost.com\/index.php?rest_route=\/wp\/v2\/posts\/79247","targetHints":{"allow":["GET"]}}],"collection":[{"href":"https:\/\/themexicopost.com\/index.php?rest_route=\/wp\/v2\/posts"}],"about":[{"href":"https:\/\/themexicopost.com\/index.php?rest_route=\/wp\/v2\/types\/post"}],"author":[{"embeddable":true,"href":"https:\/\/themexicopost.com\/index.php?rest_route=\/wp\/v2\/users\/1"}],"replies":[{"embeddable":true,"href":"https:\/\/themexicopost.com\/index.php?rest_route=%2Fwp%2Fv2%2Fcomments&post=79247"}],"version-history":[{"count":1,"href":"https:\/\/themexicopost.com\/index.php?rest_route=\/wp\/v2\/posts\/79247\/revisions"}],"predecessor-version":[{"id":79253,"href":"https:\/\/themexicopost.com\/index.php?rest_route=\/wp\/v2\/posts\/79247\/revisions\/79253"}],"wp:featuredmedia":[{"embeddable":true,"href":"https:\/\/themexicopost.com\/index.php?rest_route=\/wp\/v2\/media\/79252"}],"wp:attachment":[{"href":"https:\/\/themexicopost.com\/index.php?rest_route=%2Fwp%2Fv2%2Fmedia&parent=79247"}],"wp:term":[{"taxonomy":"category","embeddable":true,"href":"https:\/\/themexicopost.com\/index.php?rest_route=%2Fwp%2Fv2%2Fcategories&post=79247"},{"taxonomy":"post_tag","embeddable":true,"href":"https:\/\/themexicopost.com\/index.php?rest_route=%2Fwp%2Fv2%2Ftags&post=79247"}],"curies":[{"name":"wp","href":"https:\/\/api.w.org\/{rel}","templated":true}]}}