{"id":79263,"date":"2026-03-27T08:43:29","date_gmt":"2026-03-27T14:43:29","guid":{"rendered":"https:\/\/themexicopost.com\/?p=79263"},"modified":"2026-03-27T08:44:18","modified_gmt":"2026-03-27T14:44:18","slug":"finalizo-la-segunda-audiencia-en-el-caso-contra-maduro","status":"publish","type":"post","link":"https:\/\/themexicopost.com\/?p=79263","title":{"rendered":"Finaliz\u00f3 la segunda audiencia en el caso contra Maduro"},"content":{"rendered":"\n<figure class=\"wp-block-pullquote\"><blockquote><p>-El juez no considera al expresidente venezolano una amenaza para la seguridad nacional dado que est\u00e1 en Estados Unidos.<\/p><\/blockquote><\/figure>\n\n\n\n<p class=\"has-drop-cap\">La segunda audiencia en el caso judicial contra el derrocado presidente de Venezuela Nicol\u00e1s Maduro y su esposa, Cilia Flores, termin\u00f3 sin una decisi\u00f3n del juez sobre la disputa por el pago de sus abogados. El magistrado encargado del proceso, Alvin Hellerstein, manifest\u00f3 dudas sobre la congelaci\u00f3n de los fondos venezolanos por parte del Gobierno de Estados Unidos, que impide que el acusado pueda financiar su defensa.<br><\/p>\n\n\n\n<p>La defensa de Flores y Maduro solicit\u00f3 en febrero desestimar el caso despu\u00e9s de que la Oficina de Control de Activos Extranjeros (OFAC) le negara a los acusados la licencia para pagar su defensa con fondos del Gobierno de Venezuela. Hellerstein, de 92 a\u00f1os y al que hoy se le pudo escuchar la voz algo quebrada, descart\u00f3 desestimar el caso porque eso ser\u00eda tomar una medida demasiado seria.<br><\/p>\n\n\n\n<p>El fiscal adjunto de Estados Unidos, Kyle Wirshba, aleg\u00f3 al juez que el Gobierno estadounidense deber\u00eda poder utilizar sanciones para influir en la pol\u00edtica exterior o la seguridad nacional. No obstante, el magistrado respondi\u00f3 que, dado que Maduro y Flores est\u00e1n detenidos, no representan ninguna amenaza para la seguridad nacional, y recalc\u00f3 que las cosas han cambiado en Venezuela y que EE. UU. ya hace negocios con el pa\u00eds caribe\u00f1o.<br><\/p>\n\n\n\n<p>Maduro est\u00e1 acusado por la Justicia estadounidense de cuatro cargos: tres de conspiraci\u00f3n para cometer narcoterrorismo, importar coca\u00edna y poseer ametralladoras y artefactos destructivos; y un cuarto delito de posesi\u00f3n de esas armas.<br><\/p>\n\n\n\n<p>Flores, por su parte, est\u00e1 acusada de otros cuatro cargos relacionados: dos de conspiraci\u00f3n para importar coca\u00edna, uno de conspiraci\u00f3n para poseer armas y otro de posesi\u00f3n de armas. En su primera comparecencia el pasado 5 de enero, se declar\u00f3 inocente.<br><\/p>\n\n\n\n<p>Donald Trump, ha augurado que habr\u00e1 m\u00e1s procesos judiciales contra Maduro. Nicol\u00e1s Maduro Guerra, insisti\u00f3 desde Caracas en los vestigios de ilegitimidad de este proceso porque se origin\u00f3 con lo que considera un secuestro.<br><\/p>\n\n\n\n<p>&#8220;Nosotros aspiramos que el juicio se siga dando en el marco de la legalidad de los Estados Unidos&#8221;, se\u00f1al\u00f3 no obstante el parlamentario venezolano, conocido popularmente como &#8220;Nicolasito&#8221;.<\/p>\n","protected":false},"excerpt":{"rendered":"<p>-El juez no considera al expresidente venezolano una amenaza para la seguridad nacional dado que est\u00e1 en Estados Unidos. La segunda audiencia en el caso judicial contra el derrocado presidente de Venezuela Nicol\u00e1s Maduro y su esposa, Cilia Flores, termin\u00f3 sin una decisi\u00f3n del juez sobre la disputa por el pago de sus abogados. El [&hellip;]<\/p>\n","protected":false},"author":1,"featured_media":79267,"comment_status":"closed","ping_status":"closed","sticky":false,"template":"","format":"standard","meta":{"footnotes":""},"categories":[83,80,85],"tags":[],"class_list":["post-79263","post","type-post","status-publish","format-standard","has-post-thumbnail","hentry","category-destacado","category-mundo","category-portada"],"_links":{"self":[{"href":"https:\/\/themexicopost.com\/index.php?rest_route=\/wp\/v2\/posts\/79263","targetHints":{"allow":["GET"]}}],"collection":[{"href":"https:\/\/themexicopost.com\/index.php?rest_route=\/wp\/v2\/posts"}],"about":[{"href":"https:\/\/themexicopost.com\/index.php?rest_route=\/wp\/v2\/types\/post"}],"author":[{"embeddable":true,"href":"https:\/\/themexicopost.com\/index.php?rest_route=\/wp\/v2\/users\/1"}],"replies":[{"embeddable":true,"href":"https:\/\/themexicopost.com\/index.php?rest_route=%2Fwp%2Fv2%2Fcomments&post=79263"}],"version-history":[{"count":1,"href":"https:\/\/themexicopost.com\/index.php?rest_route=\/wp\/v2\/posts\/79263\/revisions"}],"predecessor-version":[{"id":79268,"href":"https:\/\/themexicopost.com\/index.php?rest_route=\/wp\/v2\/posts\/79263\/revisions\/79268"}],"wp:featuredmedia":[{"embeddable":true,"href":"https:\/\/themexicopost.com\/index.php?rest_route=\/wp\/v2\/media\/79267"}],"wp:attachment":[{"href":"https:\/\/themexicopost.com\/index.php?rest_route=%2Fwp%2Fv2%2Fmedia&parent=79263"}],"wp:term":[{"taxonomy":"category","embeddable":true,"href":"https:\/\/themexicopost.com\/index.php?rest_route=%2Fwp%2Fv2%2Fcategories&post=79263"},{"taxonomy":"post_tag","embeddable":true,"href":"https:\/\/themexicopost.com\/index.php?rest_route=%2Fwp%2Fv2%2Ftags&post=79263"}],"curies":[{"name":"wp","href":"https:\/\/api.w.org\/{rel}","templated":true}]}}