{"id":79266,"date":"2026-03-27T08:44:41","date_gmt":"2026-03-27T14:44:41","guid":{"rendered":"https:\/\/themexicopost.com\/?p=79266"},"modified":"2026-03-27T08:44:50","modified_gmt":"2026-03-27T14:44:50","slug":"busca-mexico-barcos-con-ayuda-humanitaria-desaparecidos-iban-con-ayuda-a-cuba","status":"publish","type":"post","link":"https:\/\/themexicopost.com\/?p=79266","title":{"rendered":"Busca M\u00e9xico barcos con ayuda humanitaria desaparecidos; iban con ayuda a Cuba"},"content":{"rendered":"\n<figure class=\"wp-block-pullquote\"><blockquote><p>-Dos veleros con nueve tripulantes de diversas nacionalidades que zarparon de Isla Mujeres no llegaron a La Habana como estaba previsto, dijo la Marina mexicana.<\/p><\/blockquote><\/figure>\n\n\n\n<p class=\"has-drop-cap\">La Marina de M\u00e9xico inform\u00f3 que realiza un operativo de b\u00fasqueda de dos veleros desaparecidos con nueve tripulantes de distintas nacionalidades cuando las naves transportaban ayuda humanitaria para Cuba.<br><\/p>\n\n\n\n<p>Desde la semana pasada, activistas de diversos pa\u00edses partieron desde puertos mexicanos en barcos cargados con alimentos y otros suministros para la isla, que afronta un bloqueo de combustible impuesto por Estados Unidos.<br><\/p>\n\n\n\n<p>Zarparon el pasado viernes desde Isla Mujeres (Quintana Roo) y ten\u00edan previsto arribar a La Habana entre el martes y el mi\u00e9rcoles de esta semana, seg\u00fan la informaci\u00f3n recopilada por la Marina.<br><\/p>\n\n\n\n<p>Hasta el momento no se ha logrado comunicaci\u00f3n ni confirmaci\u00f3n de su arribo a la isla, detall\u00f3 en un comunicado la instituci\u00f3n, que alert\u00f3 a mandos navales de la regi\u00f3n y a sus estaciones de b\u00fasqueda y rescate.<br><\/p>\n\n\n\n<p>La armada mexicana no precis\u00f3 la identidad ni las nacionalidades de los tripulantes, pero inform\u00f3 que mantiene comunicaci\u00f3n con agencias y centros de salvamento de Polonia, Francia, Cuba y Estados Unidos.<br><\/p>\n\n\n\n<p>Agreg\u00f3 que tambi\u00e9n est\u00e1 en contacto con representaciones diplom\u00e1ticas de los pa\u00edses de origen de las personas a bordo para cooperar e intercambiar informaci\u00f3n en tiempo real.<br><\/p>\n\n\n\n<p>La b\u00fasqueda incluye aeronaves Persuader, que ejecutan patrones de b\u00fasqueda en la ruta estimada entre Isla Mujeres y La Habana, considerando el derrotero programado, posibles cambios de rumbo y las condiciones meteorol\u00f3gicas, detall\u00f3 la Marina.<br><\/p>\n\n\n\n<p>La instituci\u00f3n lanz\u00f3 adem\u00e1s un llamado a la comunidad mar\u00edtima civil y comercial del Caribe y el Golfo de M\u00e9xico para que reporte de manera inmediata a la autoridad naval m\u00e1s cercana cualquier informaci\u00f3n o avistamiento de los veleros.<br><\/p>\n\n\n\n<p>Cuba enfrenta una profunda crisis agudizada por la suspensi\u00f3n de abastecimiento de crudo desde Venezuela, tras la ca\u00edda del mandatario de ese pa\u00eds, Nicol\u00e1s Maduro, en una operaci\u00f3n de fuerzas estadounidenses el 3 de enero.<\/p>\n","protected":false},"excerpt":{"rendered":"<p>-Dos veleros con nueve tripulantes de diversas nacionalidades que zarparon de Isla Mujeres no llegaron a La Habana como estaba previsto, dijo la Marina mexicana. La Marina de M\u00e9xico inform\u00f3 que realiza un operativo de b\u00fasqueda de dos veleros desaparecidos con nueve tripulantes de distintas nacionalidades cuando las naves transportaban ayuda humanitaria para Cuba. Desde [&hellip;]<\/p>\n","protected":false},"author":1,"featured_media":79270,"comment_status":"closed","ping_status":"closed","sticky":false,"template":"","format":"standard","meta":{"footnotes":""},"categories":[83,80,85],"tags":[],"class_list":["post-79266","post","type-post","status-publish","format-standard","has-post-thumbnail","hentry","category-destacado","category-mundo","category-portada"],"_links":{"self":[{"href":"https:\/\/themexicopost.com\/index.php?rest_route=\/wp\/v2\/posts\/79266","targetHints":{"allow":["GET"]}}],"collection":[{"href":"https:\/\/themexicopost.com\/index.php?rest_route=\/wp\/v2\/posts"}],"about":[{"href":"https:\/\/themexicopost.com\/index.php?rest_route=\/wp\/v2\/types\/post"}],"author":[{"embeddable":true,"href":"https:\/\/themexicopost.com\/index.php?rest_route=\/wp\/v2\/users\/1"}],"replies":[{"embeddable":true,"href":"https:\/\/themexicopost.com\/index.php?rest_route=%2Fwp%2Fv2%2Fcomments&post=79266"}],"version-history":[{"count":1,"href":"https:\/\/themexicopost.com\/index.php?rest_route=\/wp\/v2\/posts\/79266\/revisions"}],"predecessor-version":[{"id":79271,"href":"https:\/\/themexicopost.com\/index.php?rest_route=\/wp\/v2\/posts\/79266\/revisions\/79271"}],"wp:featuredmedia":[{"embeddable":true,"href":"https:\/\/themexicopost.com\/index.php?rest_route=\/wp\/v2\/media\/79270"}],"wp:attachment":[{"href":"https:\/\/themexicopost.com\/index.php?rest_route=%2Fwp%2Fv2%2Fmedia&parent=79266"}],"wp:term":[{"taxonomy":"category","embeddable":true,"href":"https:\/\/themexicopost.com\/index.php?rest_route=%2Fwp%2Fv2%2Fcategories&post=79266"},{"taxonomy":"post_tag","embeddable":true,"href":"https:\/\/themexicopost.com\/index.php?rest_route=%2Fwp%2Fv2%2Ftags&post=79266"}],"curies":[{"name":"wp","href":"https:\/\/api.w.org\/{rel}","templated":true}]}}