{"id":7939,"date":"2023-04-05T15:29:16","date_gmt":"2023-04-05T15:29:16","guid":{"rendered":"https:\/\/themexicopost.com\/?p=7939"},"modified":"2023-04-05T15:29:17","modified_gmt":"2023-04-05T15:29:17","slug":"despliegan-en-cancun-mas-de-mil-elementos-de-la-gn-para-semana-santa","status":"publish","type":"post","link":"https:\/\/themexicopost.com\/?p=7939","title":{"rendered":"Despliegan en Canc\u00fan m\u00e1s de mil elementos de la GN para Semana Santa"},"content":{"rendered":"\n<p class=\"has-drop-cap wp-block-paragraph\">El Gobierno de M\u00e9xico despleg\u00f3 4,724 elementos de la Guardia Nacional para vigilar las principales zonas tur\u00edsticas del pa\u00eds. Dos destinos de Quintana Roo, Canc\u00fan y Tulum, est\u00e1n incluidos en este Plan General de Acci\u00f3n Semana Santa 2023.<br><\/p>\n\n\n\n<p class=\"wp-block-paragraph\">Seg\u00fan el reporte dado a conocer este martes en la conferencia ma\u00f1anera del presidente Andr\u00e9s Manuel L\u00f3pez Obrador, en Canc\u00fan est\u00e1n desplegados 1,125 elementos, adem\u00e1s de otros 225 en Tulum, apoyados con dos helic\u00f3pteros UH-60, as\u00ed como veh\u00edculos terrestres.<br><\/p>\n\n\n\n<p class=\"wp-block-paragraph\">Adem\u00e1s, este operativo de seguridad estar\u00e1 presente en Mazatl\u00e1n, Puerto Vallarta, Acapulco, Veracruz, donde tambi\u00e9n se desplegar\u00e1n seis helic\u00f3pteros; 377 camionetas Cheyenne; 10 lanchas; 3,800 elementos de seguridad en carreteras; 755 carros radiopatrulla y 45 cuatrimotos.<br><\/p>\n\n\n\n<p class=\"wp-block-paragraph\">Adem\u00e1s de este operativo y luego del hallazgo de cuatro cuerpos sin vida en el frente de playa del hotel Fiesta Americana Condesa del bulevar Kukulc\u00e1n ayer lunes 3 de abril, la Asociaci\u00f3n de Hoteles de Canc\u00fan, Puerto Morelos e Isla Mujeres emiti\u00f3 un pronunciamiento en el que reconocen que gracias a la movilizaci\u00f3n de fuerzas policiacas y ministeriales de los tres \u00f3rdenes de gobierno nunca estuvo en riesgo la seguridad ni de turistas ni de residentes locales.<\/p>\n","protected":false},"excerpt":{"rendered":"<p>El Gobierno de M\u00e9xico despleg\u00f3 4,724 elementos de la Guardia Nacional para vigilar las principales zonas tur\u00edsticas del pa\u00eds. Dos destinos de Quintana Roo, Canc\u00fan y Tulum, est\u00e1n incluidos en este Plan General de Acci\u00f3n Semana Santa 2023. Seg\u00fan el reporte dado a conocer este martes en la conferencia ma\u00f1anera del presidente Andr\u00e9s Manuel L\u00f3pez [&hellip;]<\/p>\n","protected":false},"author":1,"featured_media":7940,"comment_status":"closed","ping_status":"closed","sticky":false,"template":"","format":"standard","meta":{"footnotes":""},"categories":[81],"tags":[],"class_list":["post-7939","post","type-post","status-publish","format-standard","has-post-thumbnail","hentry","category-nacional"],"_links":{"self":[{"href":"https:\/\/themexicopost.com\/index.php?rest_route=\/wp\/v2\/posts\/7939","targetHints":{"allow":["GET"]}}],"collection":[{"href":"https:\/\/themexicopost.com\/index.php?rest_route=\/wp\/v2\/posts"}],"about":[{"href":"https:\/\/themexicopost.com\/index.php?rest_route=\/wp\/v2\/types\/post"}],"author":[{"embeddable":true,"href":"https:\/\/themexicopost.com\/index.php?rest_route=\/wp\/v2\/users\/1"}],"replies":[{"embeddable":true,"href":"https:\/\/themexicopost.com\/index.php?rest_route=%2Fwp%2Fv2%2Fcomments&post=7939"}],"version-history":[{"count":1,"href":"https:\/\/themexicopost.com\/index.php?rest_route=\/wp\/v2\/posts\/7939\/revisions"}],"predecessor-version":[{"id":7941,"href":"https:\/\/themexicopost.com\/index.php?rest_route=\/wp\/v2\/posts\/7939\/revisions\/7941"}],"wp:featuredmedia":[{"embeddable":true,"href":"https:\/\/themexicopost.com\/index.php?rest_route=\/wp\/v2\/media\/7940"}],"wp:attachment":[{"href":"https:\/\/themexicopost.com\/index.php?rest_route=%2Fwp%2Fv2%2Fmedia&parent=7939"}],"wp:term":[{"taxonomy":"category","embeddable":true,"href":"https:\/\/themexicopost.com\/index.php?rest_route=%2Fwp%2Fv2%2Fcategories&post=7939"},{"taxonomy":"post_tag","embeddable":true,"href":"https:\/\/themexicopost.com\/index.php?rest_route=%2Fwp%2Fv2%2Ftags&post=7939"}],"curies":[{"name":"wp","href":"https:\/\/api.w.org\/{rel}","templated":true}]}}