{"id":7951,"date":"2023-04-10T13:23:59","date_gmt":"2023-04-10T13:23:59","guid":{"rendered":"https:\/\/themexicopost.com\/?p=7951"},"modified":"2023-04-10T13:24:00","modified_gmt":"2023-04-10T13:24:00","slug":"explosion-de-edificio-en-marsella-deja-ocho-desaparecidos","status":"publish","type":"post","link":"https:\/\/themexicopost.com\/?p=7951","title":{"rendered":"Explosi\u00f3n de edificio en Marsella deja ocho desaparecidos"},"content":{"rendered":"\n<figure class=\"wp-block-pullquote\"><blockquote><p>Adem\u00e1s hay cinco heridos. Las autoridades investigan una fuga de gas como posible causa del suceso.<\/p><\/blockquote><\/figure>\n\n\n\n<p class=\"has-drop-cap wp-block-paragraph\">Al menos 8 personas se encuentran desaparecidas tras el derrumbe el domingo de un edificio en el centro de Marsella debido a una explosi\u00f3n, cuyas causas se desconocen y que tambi\u00e9n provoc\u00f3 cinco heridos, indicaron las autoridades francesas.<br><\/p>\n\n\n\n<p class=\"wp-block-paragraph\">\u201cTenemos a ocho personas que no logramos contactar (\u2026). No tenemos ninguna noticia de ellas\u201d, dijo en una rueda de prensa por la tarde Dominique Laurens, fiscal de la Rep\u00fablica en Marsella, en el sudeste de Francia.<br><\/p>\n\n\n\n<p class=\"wp-block-paragraph\">El derrumbe del edificio en el centro de la segunda ciudad m\u00e1s poblada de Francia se produjo durante la madrugada del domingo.<br><\/p>\n\n\n\n<p class=\"wp-block-paragraph\">\u201cEsta noche a las 00H40 (22H40 GMT del s\u00e1bado) ocurri\u00f3 el derrumbe de un edificio en el 17 de la calle Tivoli, causando la ca\u00edda de una parte de (los edificios de) los 15 y 19 de la calle Tivoli\u201d, declar\u00f3 a la prensa Beno\u00eet Payan, alcalde de esta localidad portuaria.<br><\/p>\n\n\n\n<p class=\"wp-block-paragraph\">\u201cTenemos que estar preparados para que haya v\u00edctimas en esta terrible tragedia\u201d, dijo Payan tras el derrumbe del edificio de cuatro plantas.<br><\/p>\n\n\n\n<p class=\"wp-block-paragraph\">A\u00f1adi\u00f3 que han contabilizado cinco personas heridas hasta el momento, aunque ninguna de ellas en estado grave.<br><\/p>\n\n\n\n<p class=\"wp-block-paragraph\">Seg\u00fan la fiscal\u00eda, que mencion\u00f3 una posible novena persona desaparecida, lograron identificar a los desaparecidos, entre los cuales no hay ni\u00f1os ni menores de edad, debido a la imposibilidad de sus familiares para contactarlos.<br><\/p>\n\n\n\n<p class=\"wp-block-paragraph\">La fiscal de Marsella reconoci\u00f3 que \u201cde momento resulta imposible conocer las causas de la explosi\u00f3n\u201d, que devast\u00f3 el edificio y que se produjo a las 00H46 (22H46 GMT del s\u00e1bado), seg\u00fan registraron las c\u00e1maras de vigilancia.<br><\/p>\n\n\n\n<p class=\"wp-block-paragraph\">\u201cEl gas es evidentemente una de las pistas\u201d que contemplan las autoridades, a\u00f1adi\u00f3.<br><\/p>\n\n\n\n<p class=\"wp-block-paragraph\">\u201cFue enorme, como una explosi\u00f3n\u201d, declar\u00f3 a la AFP Gilles, un hombre que prefiri\u00f3 no dar su apellido y que vive en una calle perpendicular al edificio derrumbado.<br><\/p>\n\n\n\n<p class=\"wp-block-paragraph\">Desde la madrugada del domingo, los bomberos intentan apagar el incendio que impide a los rescatistas y perros rastreadores buscar a los desaparecidos entre los escombros.<br><\/p>\n\n\n\n<p class=\"wp-block-paragraph\">El presidente franc\u00e9s, Emmanuel Macron, expres\u00f3 su \u201cemoci\u00f3n\u201d por este suceso tr\u00e1gico.<\/p>\n","protected":false},"excerpt":{"rendered":"<p>Adem\u00e1s hay cinco heridos. Las autoridades investigan una fuga de gas como posible causa del suceso. Al menos 8 personas se encuentran desaparecidas tras el derrumbe el domingo de un edificio en el centro de Marsella debido a una explosi\u00f3n, cuyas causas se desconocen y que tambi\u00e9n provoc\u00f3 cinco heridos, indicaron las autoridades francesas. \u201cTenemos [&hellip;]<\/p>\n","protected":false},"author":1,"featured_media":7952,"comment_status":"closed","ping_status":"closed","sticky":false,"template":"","format":"standard","meta":{"footnotes":""},"categories":[83,85],"tags":[],"class_list":["post-7951","post","type-post","status-publish","format-standard","has-post-thumbnail","hentry","category-destacado","category-portada"],"_links":{"self":[{"href":"https:\/\/themexicopost.com\/index.php?rest_route=\/wp\/v2\/posts\/7951","targetHints":{"allow":["GET"]}}],"collection":[{"href":"https:\/\/themexicopost.com\/index.php?rest_route=\/wp\/v2\/posts"}],"about":[{"href":"https:\/\/themexicopost.com\/index.php?rest_route=\/wp\/v2\/types\/post"}],"author":[{"embeddable":true,"href":"https:\/\/themexicopost.com\/index.php?rest_route=\/wp\/v2\/users\/1"}],"replies":[{"embeddable":true,"href":"https:\/\/themexicopost.com\/index.php?rest_route=%2Fwp%2Fv2%2Fcomments&post=7951"}],"version-history":[{"count":1,"href":"https:\/\/themexicopost.com\/index.php?rest_route=\/wp\/v2\/posts\/7951\/revisions"}],"predecessor-version":[{"id":7953,"href":"https:\/\/themexicopost.com\/index.php?rest_route=\/wp\/v2\/posts\/7951\/revisions\/7953"}],"wp:featuredmedia":[{"embeddable":true,"href":"https:\/\/themexicopost.com\/index.php?rest_route=\/wp\/v2\/media\/7952"}],"wp:attachment":[{"href":"https:\/\/themexicopost.com\/index.php?rest_route=%2Fwp%2Fv2%2Fmedia&parent=7951"}],"wp:term":[{"taxonomy":"category","embeddable":true,"href":"https:\/\/themexicopost.com\/index.php?rest_route=%2Fwp%2Fv2%2Fcategories&post=7951"},{"taxonomy":"post_tag","embeddable":true,"href":"https:\/\/themexicopost.com\/index.php?rest_route=%2Fwp%2Fv2%2Ftags&post=7951"}],"curies":[{"name":"wp","href":"https:\/\/api.w.org\/{rel}","templated":true}]}}