{"id":7954,"date":"2023-04-10T13:25:11","date_gmt":"2023-04-10T13:25:11","guid":{"rendered":"https:\/\/themexicopost.com\/?p=7954"},"modified":"2023-04-10T13:26:43","modified_gmt":"2023-04-10T13:26:43","slug":"preside-papa-francisco-misa-pascual-donde-pide-por-el-fin-de-la-guerra","status":"publish","type":"post","link":"https:\/\/themexicopost.com\/?p=7954","title":{"rendered":"Preside papa Francisco misa Pascual, donde pide por el fin de la guerra"},"content":{"rendered":"\n<figure class=\"wp-block-pullquote\"><blockquote><p>El Pont\u00edfice presidi\u00f3 la misa del Domingo de Resurrecci\u00f3n, volvi\u00f3 a pedir el fin de la guerra y or\u00f3 por todos aquellos a quienes se les impide profesar libre y p\u00fablicamente su fe<\/p><\/blockquote><\/figure>\n\n\n\n<p class=\"has-drop-cap wp-block-paragraph\">Decenas de miles de fieles asistieron este domingo a la misa de Pascua en la plaza de San Pedro del Vaticano, tras la cual el papa Francisco pronuncia su tradicional bendici\u00f3n \u201cUrbi et Orbi\u201d (\u201ca la ciudad y el mundo\u201d), en la que se refiri\u00f3 a los conflictos que afectan al planeta.<br><\/p>\n\n\n\n<p class=\"wp-block-paragraph\">Francisco habl\u00f3 de la situaci\u00f3n en Nicaragua, donde el r\u00e9gimen de Daniel Ortega ha deportado a religiosos cat\u00f3licos y conden\u00f3 a 26 a\u00f1os de prisi\u00f3n al obispo Rolando \u00c1lvarez.<br><\/p>\n\n\n\n<p class=\"wp-block-paragraph\">\u201cSostiene, Se\u00f1or, a las comunidades cristianas que hoy celebran la Pascua en circunstancias particulares, como en Nicaragua y en Eritrea, y acu\u00e9rdate de todos aquellos a quienes se les impide profesar libre y p\u00fablicamente su fe\u201d, implor\u00f3.<br><\/p>\n\n\n\n<p class=\"wp-block-paragraph\">Tambi\u00e9n se esperaba que el mensaje del santo padre evoque la invasi\u00f3n de Rusia a Ucrania, como lo hizo en el a\u00f1o 2022, as\u00ed como el aumento de las tensiones en Oriente Medio.<br><\/p>\n\n\n\n<p class=\"wp-block-paragraph\">El Santo Padre pidi\u00f3 tambi\u00e9n por las v\u00edctimas de los terremotos en Turqu\u00eda y Siria, as\u00ed como por los \u201cproblemas econ\u00f3micos y sociales\u201d en T\u00fanez. Adem\u00e1s, pidi\u00f3 a Dios que dirija su mirada sobre Hait\u00ed, \u201cque est\u00e1 sufriendo desde hace varios a\u00f1os una grave crisis sociopol\u00edtica y humanitaria\u201d.<br><\/p>\n\n\n\n<p class=\"wp-block-paragraph\">En cuanto a las tensiones entre Israel y Palestina, Francisco expres\u00f3: \u201cExpreso mi profunda preocupaci\u00f3n por los ataques de estos \u00faltimos d\u00edas, que amenazan el deseado clima de confianza y respeto rec\u00edproco, necesario para retomar el di\u00e1logo entre israel\u00edes y palestinos, de modo que la paz reine en la Ciudad Santa y en toda la regi\u00f3n\u201d.<br><\/p>\n\n\n\n<p class=\"wp-block-paragraph\">Sobre el cierre, pidi\u00f3 por los refugiados, deportados, prisioneros pol\u00edticos y a los migrantes, \u201cas\u00ed como a todos aquellos que sufren a causa del hambre, la pobreza y los nefastos efectos del narcotr\u00e1fico, la trata de personas y toda forma de esclavitud\u201d.<br><\/p>\n\n\n\n<p class=\"wp-block-paragraph\">Francisco, cuya salud es cada vez m\u00e1s fr\u00e1gil y se desplaza en silla de ruedas debido a dolores en una rodilla, ir\u00e1 al contacto de los fieles durante un recorrido en papam\u00f3vil en la plaza San Pedro.<br><\/p>\n\n\n\n<p class=\"wp-block-paragraph\">El s\u00e1bado por la noche, el papa de 86 a\u00f1os, que estuvo hospitalizado la semana pasada, presidi\u00f3 la misa de la Vigilia Pascual en la bas\u00edlica de San Pedro de Roma durante dos horas y media, en presencia de unas 8.000 personas. El papa Francisco invit\u00f3 a \u201credescubrir la memoria que regenera la esperanza\u201d frente al \u201cpoder del mal\u201d las \u201cl\u00f3gicas del c\u00e1lculo y de la indiferencia que parecen gobernar la sociedad, el c\u00e1ncer de la corrupci\u00f3n, la propagaci\u00f3n de la injusticia, los vientos helados de la guerra\u201d.<br><\/p>\n\n\n\n<p class=\"wp-block-paragraph\">Su resistencia pareci\u00f3 mantenerse durante la vigilia, que dur\u00f3 m\u00e1s de dos horas, aunque Francisco a veces tos\u00eda o se aclaraba la garganta.<br><\/p>\n\n\n\n<p class=\"wp-block-paragraph\">La misa durante la vigilia del d\u00eda m\u00e1s importante del cristianismo se ha convertido en una ocasi\u00f3n para que los pont\u00edfices bauticen a adultos de distintas partes del mundo. Este a\u00f1o fueron seleccionados ocho, de Albania, Estados Unidos, Nigeria, Italia y Venezuela, inform\u00f3 la Santa Sede. El viernes, debido al fr\u00edo, el papa anul\u00f3 su participaci\u00f3n en el tradicional V\u00eda Crucis organizado en el Coliseo de Roma, pero presidi\u00f3 la celebraci\u00f3n de la Pasi\u00f3n.<br><\/p>\n\n\n\n<p class=\"wp-block-paragraph\">La Semana Santa y Pascua, que conmemoran la muerte y la resurrecci\u00f3n de Jes\u00fas, son los momentos m\u00e1s destacados del a\u00f1o en el calendario cat\u00f3lico.<\/p>\n","protected":false},"excerpt":{"rendered":"<p>El Pont\u00edfice presidi\u00f3 la misa del Domingo de Resurrecci\u00f3n, volvi\u00f3 a pedir el fin de la guerra y or\u00f3 por todos aquellos a quienes se les impide profesar libre y p\u00fablicamente su fe Decenas de miles de fieles asistieron este domingo a la misa de Pascua en la plaza de San Pedro del Vaticano, tras [&hellip;]<\/p>\n","protected":false},"author":1,"featured_media":7955,"comment_status":"closed","ping_status":"closed","sticky":false,"template":"","format":"standard","meta":{"footnotes":""},"categories":[83,85],"tags":[],"class_list":["post-7954","post","type-post","status-publish","format-standard","has-post-thumbnail","hentry","category-destacado","category-portada"],"_links":{"self":[{"href":"https:\/\/themexicopost.com\/index.php?rest_route=\/wp\/v2\/posts\/7954","targetHints":{"allow":["GET"]}}],"collection":[{"href":"https:\/\/themexicopost.com\/index.php?rest_route=\/wp\/v2\/posts"}],"about":[{"href":"https:\/\/themexicopost.com\/index.php?rest_route=\/wp\/v2\/types\/post"}],"author":[{"embeddable":true,"href":"https:\/\/themexicopost.com\/index.php?rest_route=\/wp\/v2\/users\/1"}],"replies":[{"embeddable":true,"href":"https:\/\/themexicopost.com\/index.php?rest_route=%2Fwp%2Fv2%2Fcomments&post=7954"}],"version-history":[{"count":2,"href":"https:\/\/themexicopost.com\/index.php?rest_route=\/wp\/v2\/posts\/7954\/revisions"}],"predecessor-version":[{"id":7958,"href":"https:\/\/themexicopost.com\/index.php?rest_route=\/wp\/v2\/posts\/7954\/revisions\/7958"}],"wp:featuredmedia":[{"embeddable":true,"href":"https:\/\/themexicopost.com\/index.php?rest_route=\/wp\/v2\/media\/7955"}],"wp:attachment":[{"href":"https:\/\/themexicopost.com\/index.php?rest_route=%2Fwp%2Fv2%2Fmedia&parent=7954"}],"wp:term":[{"taxonomy":"category","embeddable":true,"href":"https:\/\/themexicopost.com\/index.php?rest_route=%2Fwp%2Fv2%2Fcategories&post=7954"},{"taxonomy":"post_tag","embeddable":true,"href":"https:\/\/themexicopost.com\/index.php?rest_route=%2Fwp%2Fv2%2Ftags&post=7954"}],"curies":[{"name":"wp","href":"https:\/\/api.w.org\/{rel}","templated":true}]}}