{"id":7981,"date":"2023-04-10T14:54:26","date_gmt":"2023-04-10T14:54:26","guid":{"rendered":"https:\/\/themexicopost.com\/?p=7981"},"modified":"2023-04-10T14:54:27","modified_gmt":"2023-04-10T14:54:27","slug":"se-separan-de-forma-amistosa-taylor-swift-y-joe-alwyn","status":"publish","type":"post","link":"https:\/\/themexicopost.com\/?p=7981","title":{"rendered":"Se separan de forma amistosa Taylor Swift y Joe Alwyn"},"content":{"rendered":"\n<figure class=\"wp-block-pullquote\"><blockquote><p>La pareja habr\u00eda terminado su relaci\u00f3n sin causar pol\u00e9micas ni conflictos entre ellos<\/p><\/blockquote><\/figure>\n\n\n\n<p class=\"has-drop-cap wp-block-paragraph\">La cantante Taylor Swift y Joe Alwyn habr\u00edan terminado su relaci\u00f3n despu\u00e9s de 6 a\u00f1os, inform\u00f3 en exclusiva el medio Entertainment Tonight, quien asegur\u00f3 que se separaron \u201camistosamente\u201d desde hace unas semanas.<br><\/p>\n\n\n\n<p class=\"wp-block-paragraph\">Usuarios en redes sociales pusieron en tendencia el hashtag \u201cYa no creo en el amor\u201d como consecuencia de la ruptura entre Swift y Alwyn, porque, de acuerdo con los internautas, era una de las relaciones m\u00e1s fuertes dentro del medio art\u00edstico. Incluso la prensa categoriz\u00f3 este romance como uno de los m\u00e1s s\u00f3lidos en el mundo del entretenimiento.<br><\/p>\n\n\n\n<p class=\"wp-block-paragraph\">De acuerdo con ET, la terminaci\u00f3n de la relaci\u00f3n fue de manera amistosa sin iniciar ning\u00fan tipo de controversia ni de pol\u00e9mica en torno al suceso.<br><\/p>\n\n\n\n<p class=\"wp-block-paragraph\">Adem\u00e1s detall\u00f3 que por este hecho es que no se ha visto a Joe Alwyn en ninguno de los conciertos que hasta el momento otorg\u00f3 la int\u00e9rprete de Anti Hero como parte de su gira The Eras Tour, donde recopilar\u00e1 un conjunto de canciones pertenecientes a todos sus discos hasta la fecha.<br><\/p>\n\n\n\n<p class=\"wp-block-paragraph\">Desde el inicio de la relaci\u00f3n amorosa entre Alwyn y Swift intentaron mantener un bajo perfil, sin embargo fue a trav\u00e9s de sus canciones que la int\u00e9rprete de Bad Blood demostr\u00f3 todo el amor que siente (o sent\u00eda) por su ahora presunta expareja.<br><\/p>\n\n\n\n<p class=\"wp-block-paragraph\">Debido a esta gran cantidad de canciones que le dedic\u00f3 Swift a su ahora expareja fue que los usuarios de redes sociales explotaron en comentarios refiri\u00e9ndose a esta ruptura como una \u201cdecepci\u00f3n\u201d que los llev\u00f3 a ya no creer en el amor.<br><\/p>\n\n\n\n<p class=\"wp-block-paragraph\">Sin duda alguna esta ruptura amorosa afect\u00f3 de una manera extraordinaria a todos los seguidores de la cantante estadounidense.<br><\/p>\n\n\n\n<p class=\"wp-block-paragraph\">Actualmente Taylor Swift se encuentra de gira por su The Eras Tour, categorizada como una de las m\u00e1s importantes de su carrera y de todo el 2023, en cada uno de los conciertos cantar\u00e1 por m\u00e1s de 3 horas, tiempo donde interpretar\u00e1 m\u00e1s de 40 canciones que forman parte de toda su discograf\u00eda hasta el momento. Tendr\u00e1 13 cambios de vestuario y una gran cantidad de escenograf\u00eda.<\/p>\n","protected":false},"excerpt":{"rendered":"<p>La pareja habr\u00eda terminado su relaci\u00f3n sin causar pol\u00e9micas ni conflictos entre ellos La cantante Taylor Swift y Joe Alwyn habr\u00edan terminado su relaci\u00f3n despu\u00e9s de 6 a\u00f1os, inform\u00f3 en exclusiva el medio Entertainment Tonight, quien asegur\u00f3 que se separaron \u201camistosamente\u201d desde hace unas semanas. Usuarios en redes sociales pusieron en tendencia el hashtag \u201cYa [&hellip;]<\/p>\n","protected":false},"author":1,"featured_media":7982,"comment_status":"closed","ping_status":"closed","sticky":false,"template":"","format":"standard","meta":{"footnotes":""},"categories":[78],"tags":[],"class_list":["post-7981","post","type-post","status-publish","format-standard","has-post-thumbnail","hentry","category-espectaculos"],"_links":{"self":[{"href":"https:\/\/themexicopost.com\/index.php?rest_route=\/wp\/v2\/posts\/7981","targetHints":{"allow":["GET"]}}],"collection":[{"href":"https:\/\/themexicopost.com\/index.php?rest_route=\/wp\/v2\/posts"}],"about":[{"href":"https:\/\/themexicopost.com\/index.php?rest_route=\/wp\/v2\/types\/post"}],"author":[{"embeddable":true,"href":"https:\/\/themexicopost.com\/index.php?rest_route=\/wp\/v2\/users\/1"}],"replies":[{"embeddable":true,"href":"https:\/\/themexicopost.com\/index.php?rest_route=%2Fwp%2Fv2%2Fcomments&post=7981"}],"version-history":[{"count":1,"href":"https:\/\/themexicopost.com\/index.php?rest_route=\/wp\/v2\/posts\/7981\/revisions"}],"predecessor-version":[{"id":7983,"href":"https:\/\/themexicopost.com\/index.php?rest_route=\/wp\/v2\/posts\/7981\/revisions\/7983"}],"wp:featuredmedia":[{"embeddable":true,"href":"https:\/\/themexicopost.com\/index.php?rest_route=\/wp\/v2\/media\/7982"}],"wp:attachment":[{"href":"https:\/\/themexicopost.com\/index.php?rest_route=%2Fwp%2Fv2%2Fmedia&parent=7981"}],"wp:term":[{"taxonomy":"category","embeddable":true,"href":"https:\/\/themexicopost.com\/index.php?rest_route=%2Fwp%2Fv2%2Fcategories&post=7981"},{"taxonomy":"post_tag","embeddable":true,"href":"https:\/\/themexicopost.com\/index.php?rest_route=%2Fwp%2Fv2%2Ftags&post=7981"}],"curies":[{"name":"wp","href":"https:\/\/api.w.org\/{rel}","templated":true}]}}