{"id":7988,"date":"2023-04-10T14:56:32","date_gmt":"2023-04-10T14:56:32","guid":{"rendered":"https:\/\/themexicopost.com\/?p=7988"},"modified":"2023-04-10T15:07:31","modified_gmt":"2023-04-10T15:07:31","slug":"anuncia-tiger-woods-suretiro-del-masters-de-augusta","status":"publish","type":"post","link":"https:\/\/themexicopost.com\/?p=7988","title":{"rendered":"Anuncia Tiger Woods su retiro del Masters de Augusta"},"content":{"rendered":"\n<figure class=\"wp-block-pullquote\"><blockquote><p>El golfista norteamericano se pronunci\u00f3 a trav\u00e9s de Twitter y crecen las interrogantes sobre su futuro en el deporte<\/p><\/blockquote><\/figure>\n\n\n\n<p class=\"has-drop-cap wp-block-paragraph\">Tiger Woods anunci\u00f3 su retiro del Masters de Augusta, el primer gran torneo del PGA Tour del a\u00f1o, despu\u00e9s de padecer molestias en su pierna derecha que no lo dejaron continuar con su participaci\u00f3n. A trav\u00e9s de sus redes sociales, el legendario golfista le comunic\u00f3 a sus seguidores la decisi\u00f3n.<br><\/p>\n\n\n\n<p class=\"wp-block-paragraph\">\u201cEstoy decepcionado de tener que hacer WD esta ma\u00f1ana debido al agravamiento de mi fascitis plantar. Gracias a los fans y a la organizaci\u00f3n que me han mostrado tanto amor y apoyo. \u00a1Buena suerte a los jugadores hoy!\u201d, escribi\u00f3 el estadounidense de 47 a\u00f1os en su cuenta de Twitter oficial.<br><\/p>\n\n\n\n<p class=\"wp-block-paragraph\">Antes del inicio de la competencia, su caddie Joe LaCava hab\u00eda dado unos indicios de c\u00f3mo estaba f\u00edsicamente el jugador y no eran del todo esperanzadores, temiendo un mal clima, que afectara el desempe\u00f1o de Woods.<br><\/p>\n\n\n\n<p class=\"wp-block-paragraph\">Sin embargo, las condiciones clim\u00e1ticas hicieron lo suyo. El torneo fue interrumpido en varias ocasiones por las fuertes lluvias y vientos que afectaron tanto al juego como a la lesi\u00f3n que acarreaba el norteamericano, quien finalmente decidi\u00f3 abandonar despu\u00e9s de sentir que los dolores en su pierna derecha iban en aumento.<br><\/p>\n\n\n\n<p class=\"wp-block-paragraph\">El cinco veces ganador de \u00e9ste Masters estuvo lejos de disfrutar su heroica clasificaci\u00f3n del s\u00e1bado por la tarde durante la tercera jornada de competencia. Si bien consigui\u00f3 pasar el corte por vig\u00e9sima tercera vez consecutiva, su cuerpo le impidi\u00f3 continuar en la lucha por su sexto t\u00edtulo en uno de los campos que m\u00e1s alegr\u00edas le dio a lo largo de su carrera.<br><\/p>\n\n\n\n<p class=\"wp-block-paragraph\">El golfista estadounidense, ganador de quince \u2018grandes\u2019 en su carrera, sufri\u00f3 fracturas en la tibia y el peron\u00e9 de la pierna derecha, adem\u00e1s de heridas en los huesos del pie y del tobillo, que lo tuvieron varios d\u00edas internado en el hospital Harbour UCLA de Los \u00c1ngeles, tras un grave accidente de carretera sufrido en febrero de 2021.<\/p>\n","protected":false},"excerpt":{"rendered":"<p>El golfista norteamericano se pronunci\u00f3 a trav\u00e9s de Twitter y crecen las interrogantes sobre su futuro en el deporte Tiger Woods anunci\u00f3 su retiro del Masters de Augusta, el primer gran torneo del PGA Tour del a\u00f1o, despu\u00e9s de padecer molestias en su pierna derecha que no lo dejaron continuar con su participaci\u00f3n. A trav\u00e9s [&hellip;]<\/p>\n","protected":false},"author":1,"featured_media":7989,"comment_status":"closed","ping_status":"closed","sticky":false,"template":"","format":"standard","meta":{"footnotes":""},"categories":[79],"tags":[],"class_list":["post-7988","post","type-post","status-publish","format-standard","has-post-thumbnail","hentry","category-deportes"],"_links":{"self":[{"href":"https:\/\/themexicopost.com\/index.php?rest_route=\/wp\/v2\/posts\/7988","targetHints":{"allow":["GET"]}}],"collection":[{"href":"https:\/\/themexicopost.com\/index.php?rest_route=\/wp\/v2\/posts"}],"about":[{"href":"https:\/\/themexicopost.com\/index.php?rest_route=\/wp\/v2\/types\/post"}],"author":[{"embeddable":true,"href":"https:\/\/themexicopost.com\/index.php?rest_route=\/wp\/v2\/users\/1"}],"replies":[{"embeddable":true,"href":"https:\/\/themexicopost.com\/index.php?rest_route=%2Fwp%2Fv2%2Fcomments&post=7988"}],"version-history":[{"count":2,"href":"https:\/\/themexicopost.com\/index.php?rest_route=\/wp\/v2\/posts\/7988\/revisions"}],"predecessor-version":[{"id":8014,"href":"https:\/\/themexicopost.com\/index.php?rest_route=\/wp\/v2\/posts\/7988\/revisions\/8014"}],"wp:featuredmedia":[{"embeddable":true,"href":"https:\/\/themexicopost.com\/index.php?rest_route=\/wp\/v2\/media\/7989"}],"wp:attachment":[{"href":"https:\/\/themexicopost.com\/index.php?rest_route=%2Fwp%2Fv2%2Fmedia&parent=7988"}],"wp:term":[{"taxonomy":"category","embeddable":true,"href":"https:\/\/themexicopost.com\/index.php?rest_route=%2Fwp%2Fv2%2Fcategories&post=7988"},{"taxonomy":"post_tag","embeddable":true,"href":"https:\/\/themexicopost.com\/index.php?rest_route=%2Fwp%2Fv2%2Ftags&post=7988"}],"curies":[{"name":"wp","href":"https:\/\/api.w.org\/{rel}","templated":true}]}}