{"id":79888,"date":"2026-04-20T07:09:05","date_gmt":"2026-04-20T13:09:05","guid":{"rendered":"https:\/\/themexicopost.com\/?p=79888"},"modified":"2026-04-20T07:09:20","modified_gmt":"2026-04-20T13:09:20","slug":"kim-jong-un-y-su-hija-supervisan-nueva-prueba-de-misiles","status":"publish","type":"post","link":"https:\/\/themexicopost.com\/?p=79888","title":{"rendered":"Kim Jong-un y su hija supervisan nueva prueba de misiles"},"content":{"rendered":"\n<figure class=\"wp-block-pullquote\"><blockquote><p>-La agencia a\u00f1adi\u00f3 que cinco misiles bal\u00edsticos t\u00e1cticos fueron disparados hacia una zona objetivo cercana a una isla situada a unos 136 kil\u00f3metros.<\/p><\/blockquote><\/figure>\n\n\n\n<p class=\"has-drop-cap\">Corea del Norte confirm\u00f3 que realiz\u00f3 una prueba con misiles bal\u00edsticos t\u00e1cticos bajo la supervisi\u00f3n del l\u00edder del pa\u00eds, Kim Jong-un, un d\u00eda despu\u00e9s de que Corea del Sur y Jap\u00f3n detectaran el lanzamiento y lo denunciaran como una violaci\u00f3n de las resoluciones del Consejo de Seguridad de la ONU.<br><\/p>\n\n\n\n<p>La agencia estatal de noticias norcoreana, KCNA, dijo que Pionyang evalu\u00f3 la v\u00edspera el rendimiento del \u00abmisil bal\u00edstico t\u00e1ctico tierra-tierra mejorado Hwasong-11 Ra\u00bb y la potencia de una ojiva de racimo y de otra de minas de fragmentaci\u00f3n incorporadas al proyectil.<br><\/p>\n\n\n\n<p>Kim Jong-un afirm\u00f3 que el desarrollo de distintos tipos de ojivas permitir\u00e1 responder mejor a las necesidades operativas del Ej\u00e9rcito norcoreano, seg\u00fan KCNA.<br><\/p>\n\n\n\n<p>La agencia a\u00f1adi\u00f3 que cinco misiles bal\u00edsticos t\u00e1cticos fueron disparados hacia una zona objetivo cercana a una isla situada a unos 136 kil\u00f3metros, aunque no desvel\u00f3 la ubicaci\u00f3n del lanzamiento.<br><\/p>\n\n\n\n<figure class=\"wp-block-image size-large\"><img fetchpriority=\"high\" decoding=\"async\" width=\"1024\" height=\"684\" src=\"https:\/\/themexicopost.com\/wp-content\/uploads\/2026\/04\/kim-2-1-1024x684.jpg\" alt=\"\" class=\"wp-image-79893\" srcset=\"https:\/\/themexicopost.com\/wp-content\/uploads\/2026\/04\/kim-2-1-1024x684.jpg 1024w, https:\/\/themexicopost.com\/wp-content\/uploads\/2026\/04\/kim-2-1-300x201.jpg 300w, https:\/\/themexicopost.com\/wp-content\/uploads\/2026\/04\/kim-2-1-768x513.jpg 768w, https:\/\/themexicopost.com\/wp-content\/uploads\/2026\/04\/kim-2-1.jpg 1200w\" sizes=\"(max-width: 1024px) 100vw, 1024px\" \/><\/figure>\n\n\n\n<p>El Estado Mayor Conjunto de Corea del Sur, no obstante, indic\u00f3 el domingo que hab\u00eda detectado lanzamientos de misiles bal\u00edsticos de corto alcance desde la zona de Sinpo, en el este norcoreano.<br><\/p>\n\n\n\n<p>Jap\u00f3n, por su parte, indic\u00f3 que los proyectiles cayeron fuera de su Zona Econ\u00f3mica Exclusiva.<br><\/p>\n\n\n\n<p>Tanto Tokio como Se\u00fal denunciaron que dichos lanzamientos violan las resoluciones del Consejo de Seguridad de Naciones Unidas, al tiempo que amenazan la paz y seguridad a nivel regional e internacional.<br><\/p>\n\n\n\n<p>Pionyang lleva una racha de pruebas armament\u00edsticas desde el 8 de abril, cuando se detect\u00f3 el ensayo de un misil bal\u00edstico con ojiva de racimo, seguido recientemente por el lanzamiento de misiles de crucero desde un destructor, en medio de su constante rechazo a la reanudaci\u00f3n del di\u00e1logo intercoreano planteada por el actual Gobierno de Corea del Sur.<\/p>\n","protected":false},"excerpt":{"rendered":"<p>-La agencia a\u00f1adi\u00f3 que cinco misiles bal\u00edsticos t\u00e1cticos fueron disparados hacia una zona objetivo cercana a una isla situada a unos 136 kil\u00f3metros. Corea del Norte confirm\u00f3 que realiz\u00f3 una prueba con misiles bal\u00edsticos t\u00e1cticos bajo la supervisi\u00f3n del l\u00edder del pa\u00eds, Kim Jong-un, un d\u00eda despu\u00e9s de que Corea del Sur y Jap\u00f3n detectaran [&hellip;]<\/p>\n","protected":false},"author":1,"featured_media":79892,"comment_status":"closed","ping_status":"closed","sticky":false,"template":"","format":"standard","meta":{"footnotes":""},"categories":[83,80,85],"tags":[],"class_list":["post-79888","post","type-post","status-publish","format-standard","has-post-thumbnail","hentry","category-destacado","category-mundo","category-portada"],"_links":{"self":[{"href":"https:\/\/themexicopost.com\/index.php?rest_route=\/wp\/v2\/posts\/79888","targetHints":{"allow":["GET"]}}],"collection":[{"href":"https:\/\/themexicopost.com\/index.php?rest_route=\/wp\/v2\/posts"}],"about":[{"href":"https:\/\/themexicopost.com\/index.php?rest_route=\/wp\/v2\/types\/post"}],"author":[{"embeddable":true,"href":"https:\/\/themexicopost.com\/index.php?rest_route=\/wp\/v2\/users\/1"}],"replies":[{"embeddable":true,"href":"https:\/\/themexicopost.com\/index.php?rest_route=%2Fwp%2Fv2%2Fcomments&post=79888"}],"version-history":[{"count":1,"href":"https:\/\/themexicopost.com\/index.php?rest_route=\/wp\/v2\/posts\/79888\/revisions"}],"predecessor-version":[{"id":79894,"href":"https:\/\/themexicopost.com\/index.php?rest_route=\/wp\/v2\/posts\/79888\/revisions\/79894"}],"wp:featuredmedia":[{"embeddable":true,"href":"https:\/\/themexicopost.com\/index.php?rest_route=\/wp\/v2\/media\/79892"}],"wp:attachment":[{"href":"https:\/\/themexicopost.com\/index.php?rest_route=%2Fwp%2Fv2%2Fmedia&parent=79888"}],"wp:term":[{"taxonomy":"category","embeddable":true,"href":"https:\/\/themexicopost.com\/index.php?rest_route=%2Fwp%2Fv2%2Fcategories&post=79888"},{"taxonomy":"post_tag","embeddable":true,"href":"https:\/\/themexicopost.com\/index.php?rest_route=%2Fwp%2Fv2%2Ftags&post=79888"}],"curies":[{"name":"wp","href":"https:\/\/api.w.org\/{rel}","templated":true}]}}