{"id":7991,"date":"2023-04-10T14:57:18","date_gmt":"2023-04-10T14:57:18","guid":{"rendered":"https:\/\/themexicopost.com\/?p=7991"},"modified":"2023-04-10T14:57:19","modified_gmt":"2023-04-10T14:57:19","slug":"crudo-documental-sobre-la-vida-en-la-carcel-de-boris-becker","status":"publish","type":"post","link":"https:\/\/themexicopost.com\/?p=7991","title":{"rendered":"Crudo documental sobre la vida en la c\u00e1rcel de Boris Becker"},"content":{"rendered":"\n<figure class=\"wp-block-pullquote\"><blockquote><p>En la previa del estreno de su serie documental, el ex tenista habl\u00f3 sobre c\u00f3mo la prisi\u00f3n le cambi\u00f3 la vida<\/p><\/blockquote><\/figure>\n\n\n\n<p class=\"has-drop-cap wp-block-paragraph\">Despu\u00e9s de estar casi 8 meses en una c\u00e1rcel de Reino Unido, el ex tenista y tres veces campe\u00f3n del torneo de Wimbledon, Boris Becker, fue puesto en libertad a finales de 2022 deportado hacia Alemania en donde fue liberado tras cumplir m\u00e1s de medio a\u00f1o tras las rejas de una condena de 2 a\u00f1os y medio que le fue impuesta por haber ocultado activos y pr\u00e9stamos por un valor de 2,9 millones de euros para evitar pagar sus deudas.<br><\/p>\n\n\n\n<p class=\"wp-block-paragraph\">Ahora, a poco para el estreno de su nueva serie documental, el ex deportista hizo un repaso sobre lo que fue su vida en este \u00faltimo tiempo.<br><\/p>\n\n\n\n<p class=\"wp-block-paragraph\">\u201cQuien diga que la vida en prisi\u00f3n no es dura y no es dif\u00edcil, creo que est\u00e1 mintiendo\u201d, declar\u00f3 en una charla con la cadena BBC. \u201cEstuve rodeado de asesinos, de narcotraficantes, de violadores, de traficantes de personas, de delincuentes peligrosos. Luchas todos los d\u00edas por sobrevivir. R\u00e1pidamente tienes que rodearte de los chicos rudos, como yo lo llamar\u00eda, porque necesitas protecci\u00f3n\u201d.<br><\/p>\n\n\n\n<p class=\"wp-block-paragraph\">Becker, ganador de 49 t\u00edtulos en el circuito de la ATP, hab\u00eda estado en el centro del conflicto en la prisi\u00f3n de Wandsworth, motivo por el cual termin\u00f3 siendo trasladado de la categor\u00eda B a la categor\u00eda C de la c\u00e1rcel de Huntercombe, antes de ser deportado.<br><\/p>\n\n\n\n<p class=\"wp-block-paragraph\">\u201cDentro no importa que yo fuera tenista, la \u00fanica moneda que tenemos dentro es nuestro car\u00e1cter y nuestra personalidad. Eso es todo, no tienes nada m\u00e1s. Al principio no tienes amigos, est\u00e1s literalmente solo y esa es la parte dif\u00edcil, realmente tienes que profundizar en ti mismo sobre tus cualidades y tus fortalezas, pero tambi\u00e9n tus debilidades\u201d, explic\u00f3.<br><\/p>\n\n\n\n<p class=\"wp-block-paragraph\">Becker tiene prohibido el regreso a Reino Unido hasta octubre de 2024 y anticip\u00f3 que espera entonces poder regresar, sobre todo para presenciar partidos de Wimbledon en alg\u00fan momento.<br><\/p>\n\n\n\n<p class=\"wp-block-paragraph\">Adem\u00e1s, sostuvo que su paso por prisi\u00f3n le sirvi\u00f3 de ense\u00f1anza: \u201cCiertamente me hizo sentir humilde, me hizo darme cuenta de que, ya sea que te llames Boris Becker o Paul Smith, si infringes la ley, te condenan y te encarcelan, eso se aplica a todos. Nunca esper\u00e9 lo bueno y ciertamente no esperaba lo malo, pero soy un sobreviviente, soy una galleta dura, he tomado las sanciones, he tomado el encarcelamiento pero tambi\u00e9n he tomado la gloria y en todo caso esto me hizo un hombre mejor y m\u00e1s fuerte\u201d.<\/p>\n","protected":false},"excerpt":{"rendered":"<p>En la previa del estreno de su serie documental, el ex tenista habl\u00f3 sobre c\u00f3mo la prisi\u00f3n le cambi\u00f3 la vida Despu\u00e9s de estar casi 8 meses en una c\u00e1rcel de Reino Unido, el ex tenista y tres veces campe\u00f3n del torneo de Wimbledon, Boris Becker, fue puesto en libertad a finales de 2022 deportado [&hellip;]<\/p>\n","protected":false},"author":1,"featured_media":7992,"comment_status":"closed","ping_status":"closed","sticky":false,"template":"","format":"standard","meta":{"footnotes":""},"categories":[79],"tags":[],"class_list":["post-7991","post","type-post","status-publish","format-standard","has-post-thumbnail","hentry","category-deportes"],"_links":{"self":[{"href":"https:\/\/themexicopost.com\/index.php?rest_route=\/wp\/v2\/posts\/7991","targetHints":{"allow":["GET"]}}],"collection":[{"href":"https:\/\/themexicopost.com\/index.php?rest_route=\/wp\/v2\/posts"}],"about":[{"href":"https:\/\/themexicopost.com\/index.php?rest_route=\/wp\/v2\/types\/post"}],"author":[{"embeddable":true,"href":"https:\/\/themexicopost.com\/index.php?rest_route=\/wp\/v2\/users\/1"}],"replies":[{"embeddable":true,"href":"https:\/\/themexicopost.com\/index.php?rest_route=%2Fwp%2Fv2%2Fcomments&post=7991"}],"version-history":[{"count":1,"href":"https:\/\/themexicopost.com\/index.php?rest_route=\/wp\/v2\/posts\/7991\/revisions"}],"predecessor-version":[{"id":7993,"href":"https:\/\/themexicopost.com\/index.php?rest_route=\/wp\/v2\/posts\/7991\/revisions\/7993"}],"wp:featuredmedia":[{"embeddable":true,"href":"https:\/\/themexicopost.com\/index.php?rest_route=\/wp\/v2\/media\/7992"}],"wp:attachment":[{"href":"https:\/\/themexicopost.com\/index.php?rest_route=%2Fwp%2Fv2%2Fmedia&parent=7991"}],"wp:term":[{"taxonomy":"category","embeddable":true,"href":"https:\/\/themexicopost.com\/index.php?rest_route=%2Fwp%2Fv2%2Fcategories&post=7991"},{"taxonomy":"post_tag","embeddable":true,"href":"https:\/\/themexicopost.com\/index.php?rest_route=%2Fwp%2Fv2%2Ftags&post=7991"}],"curies":[{"name":"wp","href":"https:\/\/api.w.org\/{rel}","templated":true}]}}